{"id":21657,"date":"2024-05-06T13:38:48","date_gmt":"2024-05-06T12:38:48","guid":{"rendered":"https:\/\/prvimaj.hr\/?p=21657"},"modified":"2024-05-06T13:39:03","modified_gmt":"2024-05-06T12:39:03","slug":"alice-tominovic","status":"publish","type":"post","link":"https:\/\/prvimaj.hr\/?p=21657","title":{"rendered":"Ali\u010de  Tominovi\u0107"},"content":{"rendered":"<p>S tugom u srcu javljamo rodbini, prijateljima i znancima da nas je u ponedjeljak 06.05.2024. godine u 90. godini \u017eivota napustila na\u0161a voljena&nbsp;<\/p>\n<h2 style=\"text-align: center\"><strong><em>ALI\u010cE&nbsp; &nbsp; TOMINOVI\u0106 &#8211; ANNA<\/em><\/strong><\/h2>\n<h3 style=\"text-align: center\"><strong><em>( iz Rapca )<\/em><\/strong><\/h3>\n<p><!--more--><\/p>\n<p>Posljednji ispra\u0107aj na\u0161e voljene pokojnice biti \u0107e u utorak 07.05.2024. godine u 12,00 sati iz Komemorativnog centra u Labinu na mjesno groblje Rabac.<\/p>\n<p><strong><em>O\u017ealo\u0161\u0107eni:&nbsp;<\/em><\/strong>ne\u0107akinje MARIZA sa SENADOM i SANDRA sa TOMISLAVOM, NINO s PETROM, MATEO s ERIN, VITO, te ostala tuguju\u0107a rodbina.<\/p>\n\n\n<p><\/p>\n","protected":false},"excerpt":{"rendered":"<p>S tugom u srcu javljamo rodbini, prijateljima i znancima da nas je u ponedjeljak 06.05.2024. godine u 90. godini \u017eivota napustila na\u0161a voljena&nbsp; ALI\u010cE&nbsp; &nbsp; TOMINOVI\u0106 &#8211; ANNA ( iz Rapca )<\/p>\n","protected":false},"author":3,"featured_media":21656,"comment_status":"closed","ping_status":"closed","sticky":false,"template":"","format":"standard","meta":[],"categories":[3],"tags":[],"_links":{"self":[{"href":"https:\/\/prvimaj.hr\/index.php?rest_route=\/wp\/v2\/posts\/21657"}],"collection":[{"href":"https:\/\/prvimaj.hr\/index.php?rest_route=\/wp\/v2\/posts"}],"about":[{"href":"https:\/\/prvimaj.hr\/index.php?rest_route=\/wp\/v2\/types\/post"}],"author":[{"embeddable":true,"href":"https:\/\/prvimaj.hr\/index.php?rest_route=\/wp\/v2\/users\/3"}],"replies":[{"embeddable":true,"href":"https:\/\/prvimaj.hr\/index.php?rest_route=%2Fwp%2Fv2%2Fcomments&post=21657"}],"version-history":[{"count":2,"href":"https:\/\/prvimaj.hr\/index.php?rest_route=\/wp\/v2\/posts\/21657\/revisions"}],"predecessor-version":[{"id":21659,"href":"https:\/\/prvimaj.hr\/index.php?rest_route=\/wp\/v2\/posts\/21657\/revisions\/21659"}],"wp:featuredmedia":[{"embeddable":true,"href":"https:\/\/prvimaj.hr\/index.php?rest_route=\/wp\/v2\/media\/21656"}],"wp:attachment":[{"href":"https:\/\/prvimaj.hr\/index.php?rest_route=%2Fwp%2Fv2%2Fmedia&parent=21657"}],"wp:term":[{"taxonomy":"category","embeddable":true,"href":"https:\/\/prvimaj.hr\/index.php?rest_route=%2Fwp%2Fv2%2Fcategories&post=21657"},{"taxonomy":"post_tag","embeddable":true,"href":"https:\/\/prvimaj.hr\/index.php?rest_route=%2Fwp%2Fv2%2Ftags&post=21657"}],"curies":[{"name":"wp","href":"https:\/\/api.w.org\/{rel}","templated":true}]}}