{"id":21672,"date":"2024-05-09T10:10:58","date_gmt":"2024-05-09T09:10:58","guid":{"rendered":"https:\/\/prvimaj.hr\/?p=21672"},"modified":"2024-05-09T10:11:05","modified_gmt":"2024-05-09T09:11:05","slug":"dino-vlacic","status":"publish","type":"post","link":"https:\/\/prvimaj.hr\/?p=21672","title":{"rendered":"Dino Vla\u010di\u0107"},"content":{"rendered":"<p>S tugom u srcu javljamo rodbini, prijateljima i znancima da nas je u utorak 07.05.2024. godine u 75- oj godini \u017eivota napustio na\u0161 dragi<\/p>\n<h2 style=\"text-align: center\"><em><strong>DINO&nbsp; &nbsp;VLA\u010cI\u0106<\/strong><\/em><\/h2>\n<h3 style=\"text-align: center\"><em><strong>( Gora Glu\u0161i\u0107i )<\/strong><\/em><\/h3>\n<p><!--more-->Posljednji ispra\u0107aj bit \u0107e u petak 10.05.2024. godine u 14,00 sati iz Komemorativnog centra u Labinu na gradsko groblje.<\/p>\n<p><em><strong>Molimo da umjesto cvije\u0107a i svije\u0107a novac donirate udruzi Liga protiv raka Labin na IBAN HR9524020061100488053<\/strong><\/em><\/p>\n<p><em><strong>O\u017ealo\u0161\u0107eni:&nbsp;<\/strong><\/em>supruga ANA, sin MARIN, k\u0107erka NATA\u0160A, sestre E\u0110IDIJA, MARIJA, PETRICA, SLAVICA i ONDINA, bra\u0107a FELIX i ORANO s obiteljima, te ostala tuguju\u0107a rodbina.<\/p>\n","protected":false},"excerpt":{"rendered":"<p>S tugom u srcu javljamo rodbini, prijateljima i znancima da nas je u utorak 07.05.2024. godine u 75- oj godini \u017eivota napustio na\u0161 dragi DINO&nbsp; &nbsp;VLA\u010cI\u0106 ( Gora Glu\u0161i\u0107i )<\/p>\n","protected":false},"author":3,"featured_media":21673,"comment_status":"closed","ping_status":"closed","sticky":false,"template":"","format":"standard","meta":[],"categories":[3],"tags":[],"_links":{"self":[{"href":"https:\/\/prvimaj.hr\/index.php?rest_route=\/wp\/v2\/posts\/21672"}],"collection":[{"href":"https:\/\/prvimaj.hr\/index.php?rest_route=\/wp\/v2\/posts"}],"about":[{"href":"https:\/\/prvimaj.hr\/index.php?rest_route=\/wp\/v2\/types\/post"}],"author":[{"embeddable":true,"href":"https:\/\/prvimaj.hr\/index.php?rest_route=\/wp\/v2\/users\/3"}],"replies":[{"embeddable":true,"href":"https:\/\/prvimaj.hr\/index.php?rest_route=%2Fwp%2Fv2%2Fcomments&post=21672"}],"version-history":[{"count":2,"href":"https:\/\/prvimaj.hr\/index.php?rest_route=\/wp\/v2\/posts\/21672\/revisions"}],"predecessor-version":[{"id":21677,"href":"https:\/\/prvimaj.hr\/index.php?rest_route=\/wp\/v2\/posts\/21672\/revisions\/21677"}],"wp:featuredmedia":[{"embeddable":true,"href":"https:\/\/prvimaj.hr\/index.php?rest_route=\/wp\/v2\/media\/21673"}],"wp:attachment":[{"href":"https:\/\/prvimaj.hr\/index.php?rest_route=%2Fwp%2Fv2%2Fmedia&parent=21672"}],"wp:term":[{"taxonomy":"category","embeddable":true,"href":"https:\/\/prvimaj.hr\/index.php?rest_route=%2Fwp%2Fv2%2Fcategories&post=21672"},{"taxonomy":"post_tag","embeddable":true,"href":"https:\/\/prvimaj.hr\/index.php?rest_route=%2Fwp%2Fv2%2Ftags&post=21672"}],"curies":[{"name":"wp","href":"https:\/\/api.w.org\/{rel}","templated":true}]}}