{"id":21701,"date":"2024-05-13T12:07:28","date_gmt":"2024-05-13T11:07:28","guid":{"rendered":"https:\/\/prvimaj.hr\/?p=21701"},"modified":"2024-05-13T12:07:42","modified_gmt":"2024-05-13T11:07:42","slug":"ondina-skabic","status":"publish","type":"post","link":"https:\/\/prvimaj.hr\/?p=21701","title":{"rendered":"Ondina  \u0160kabi\u0107"},"content":{"rendered":"<p>S tugom u srcu javljamo rodbini, prijateljima i znancima da nas je 11.05.2024. u 81. godini \u017eivota napustila na\u0161a voljena<\/p>\n<h2 style=\"text-align: center\"><strong><em>ONDINA&nbsp; &nbsp; &nbsp;\u0160KABI\u0106<\/em><\/strong><\/h2>\n<h3 style=\"text-align: center\"><strong><em>( ro\u0111. Vla\u010di\u0107 )<\/em><\/strong><\/h3>\n<p><!--more--><\/p>\n<p>Posljednji ispra\u0107aj na\u0161e voljene pokojnice bit \u0107e u utorak 14.05.2024. u 13,00 sati iz Komemorativnog centra u Labinu na gradsko groblje.<\/p>\n<p><strong><em>O\u017ealo\u0161\u0107eni:&nbsp;<\/em><\/strong>k\u0107i LORENA, zet IGOR, unuci PATRIK i SAMANTA, sestra GRAZIELA s familijom, te ostala tuguju\u0107a rodbina.<\/p>\n\n\n<p><\/p>\n","protected":false},"excerpt":{"rendered":"<p>S tugom u srcu javljamo rodbini, prijateljima i znancima da nas je 11.05.2024. u 81. godini \u017eivota napustila na\u0161a voljena ONDINA&nbsp; &nbsp; &nbsp;\u0160KABI\u0106 ( ro\u0111. Vla\u010di\u0107 )<\/p>\n","protected":false},"author":3,"featured_media":21700,"comment_status":"closed","ping_status":"closed","sticky":false,"template":"","format":"standard","meta":[],"categories":[3],"tags":[],"_links":{"self":[{"href":"https:\/\/prvimaj.hr\/index.php?rest_route=\/wp\/v2\/posts\/21701"}],"collection":[{"href":"https:\/\/prvimaj.hr\/index.php?rest_route=\/wp\/v2\/posts"}],"about":[{"href":"https:\/\/prvimaj.hr\/index.php?rest_route=\/wp\/v2\/types\/post"}],"author":[{"embeddable":true,"href":"https:\/\/prvimaj.hr\/index.php?rest_route=\/wp\/v2\/users\/3"}],"replies":[{"embeddable":true,"href":"https:\/\/prvimaj.hr\/index.php?rest_route=%2Fwp%2Fv2%2Fcomments&post=21701"}],"version-history":[{"count":3,"href":"https:\/\/prvimaj.hr\/index.php?rest_route=\/wp\/v2\/posts\/21701\/revisions"}],"predecessor-version":[{"id":21704,"href":"https:\/\/prvimaj.hr\/index.php?rest_route=\/wp\/v2\/posts\/21701\/revisions\/21704"}],"wp:featuredmedia":[{"embeddable":true,"href":"https:\/\/prvimaj.hr\/index.php?rest_route=\/wp\/v2\/media\/21700"}],"wp:attachment":[{"href":"https:\/\/prvimaj.hr\/index.php?rest_route=%2Fwp%2Fv2%2Fmedia&parent=21701"}],"wp:term":[{"taxonomy":"category","embeddable":true,"href":"https:\/\/prvimaj.hr\/index.php?rest_route=%2Fwp%2Fv2%2Fcategories&post=21701"},{"taxonomy":"post_tag","embeddable":true,"href":"https:\/\/prvimaj.hr\/index.php?rest_route=%2Fwp%2Fv2%2Ftags&post=21701"}],"curies":[{"name":"wp","href":"https:\/\/api.w.org\/{rel}","templated":true}]}}