{"id":21707,"date":"2024-05-16T06:38:43","date_gmt":"2024-05-16T05:38:43","guid":{"rendered":"https:\/\/prvimaj.hr\/?p=21707"},"modified":"2024-05-16T06:38:52","modified_gmt":"2024-05-16T05:38:52","slug":"franko-kokot","status":"publish","type":"post","link":"https:\/\/prvimaj.hr\/?p=21707","title":{"rendered":"Franko Kokot"},"content":{"rendered":"<p>S tugom u srcu javljamo rodbini, prijateljima i znancima da nas je u ponedjeljak 13.05.2024. godine u 80- oj godini \u017eivota napustio na\u0161 dragi<\/p>\n<h2 style=\"text-align: center\"><em><strong>FRANKO&nbsp; &nbsp;KOKOT<\/strong><\/em><\/h2>\n<h3 style=\"text-align: center\"><em><strong>( iz Vine\u017ea )<\/strong><\/em><\/h3>\n<p><!--more-->Posljednji ispra\u0107aj na\u0161eg voljenog pokojnika bit \u0107e u krugu obitelji iz Komemorativnog centra u Labinu na gradsko groblje.<\/p>\n<p><em><strong>Molimo da umjesto cvije\u0107a i svije\u0107a novac donirate udruzi Liga protiv raka na IBAN HR 9524020061100488053<\/strong><\/em><\/p>\n<p><em><strong>O\u017ealo\u0161\u0107eni:&nbsp;<\/strong><\/em>supruga ELDA, k\u0107erka SANDRA, sinovi FRANKO i LUKA, zet MARIO, nevjeste ANGELA i HELENA, unuci MATTEO i LEONARDO, sestra MARIJA, sestri\u010dna MARINA s obitelji, kunjada MARI\u010cI, ne\u0107akinje GLORIA, LEANA i SELIA, te ostala tuguju\u0107a rodbina.<\/p>\n","protected":false},"excerpt":{"rendered":"<p>S tugom u srcu javljamo rodbini, prijateljima i znancima da nas je u ponedjeljak 13.05.2024. godine u 80- oj godini \u017eivota napustio na\u0161 dragi FRANKO&nbsp; &nbsp;KOKOT ( iz Vine\u017ea )<\/p>\n","protected":false},"author":3,"featured_media":21708,"comment_status":"closed","ping_status":"closed","sticky":false,"template":"","format":"standard","meta":[],"categories":[3],"tags":[],"_links":{"self":[{"href":"https:\/\/prvimaj.hr\/index.php?rest_route=\/wp\/v2\/posts\/21707"}],"collection":[{"href":"https:\/\/prvimaj.hr\/index.php?rest_route=\/wp\/v2\/posts"}],"about":[{"href":"https:\/\/prvimaj.hr\/index.php?rest_route=\/wp\/v2\/types\/post"}],"author":[{"embeddable":true,"href":"https:\/\/prvimaj.hr\/index.php?rest_route=\/wp\/v2\/users\/3"}],"replies":[{"embeddable":true,"href":"https:\/\/prvimaj.hr\/index.php?rest_route=%2Fwp%2Fv2%2Fcomments&post=21707"}],"version-history":[{"count":2,"href":"https:\/\/prvimaj.hr\/index.php?rest_route=\/wp\/v2\/posts\/21707\/revisions"}],"predecessor-version":[{"id":21710,"href":"https:\/\/prvimaj.hr\/index.php?rest_route=\/wp\/v2\/posts\/21707\/revisions\/21710"}],"wp:featuredmedia":[{"embeddable":true,"href":"https:\/\/prvimaj.hr\/index.php?rest_route=\/wp\/v2\/media\/21708"}],"wp:attachment":[{"href":"https:\/\/prvimaj.hr\/index.php?rest_route=%2Fwp%2Fv2%2Fmedia&parent=21707"}],"wp:term":[{"taxonomy":"category","embeddable":true,"href":"https:\/\/prvimaj.hr\/index.php?rest_route=%2Fwp%2Fv2%2Fcategories&post=21707"},{"taxonomy":"post_tag","embeddable":true,"href":"https:\/\/prvimaj.hr\/index.php?rest_route=%2Fwp%2Fv2%2Ftags&post=21707"}],"curies":[{"name":"wp","href":"https:\/\/api.w.org\/{rel}","templated":true}]}}