{"id":21725,"date":"2024-05-21T06:41:45","date_gmt":"2024-05-21T05:41:45","guid":{"rendered":"https:\/\/prvimaj.hr\/?p=21725"},"modified":"2024-05-21T06:41:57","modified_gmt":"2024-05-21T05:41:57","slug":"albino-blazina-2","status":"publish","type":"post","link":"https:\/\/prvimaj.hr\/?p=21725","title":{"rendered":"Albino Bla\u017eina"},"content":{"rendered":"<p>S tugom u srcu javljamo rodbini, prijateljima i znancima da nas je u ponedjeljak 20.05.2024. u 95- oj godini \u017eivota napustio na\u0161 voljeni<\/p>\n<h2 style=\"text-align: center\"><em><strong>ALBINO&nbsp; &nbsp;BLA\u017dINA<\/strong><\/em><\/h2>\n<h3 style=\"text-align: center\"><em><strong>( iz Drenja )<\/strong><\/em><\/h3>\n<p><!--more-->Posljednji ispra\u0107aj na\u0161eg voljenog pokojnika bit \u0107e u srijedu 22.05.2024. u krugu obitelji iz Komemorativnog centra u Labinu na mjesno groblje Drenje.<\/p>\n<p><em><strong>Molimo za tihu su\u0107ut.<\/strong><\/em><\/p>\n<p><em><strong>O\u017ealo\u0161\u0107eni:&nbsp;<\/strong><\/em>snovi ELVIO i SER\u0110O, nevjeste BRUNA i LUCIJA, unuka IVA, unuci MARKO sa SILVIOM i ANTONIO sa LEONOM, praunuci VITO i ANA, te ostala tuguju\u0107a rodbina.<\/p>\n","protected":false},"excerpt":{"rendered":"<p>S tugom u srcu javljamo rodbini, prijateljima i znancima da nas je u ponedjeljak 20.05.2024. u 95- oj godini \u017eivota napustio na\u0161 voljeni ALBINO&nbsp; &nbsp;BLA\u017dINA ( iz Drenja )<\/p>\n","protected":false},"author":3,"featured_media":21726,"comment_status":"closed","ping_status":"closed","sticky":false,"template":"","format":"standard","meta":[],"categories":[3],"tags":[],"_links":{"self":[{"href":"https:\/\/prvimaj.hr\/index.php?rest_route=\/wp\/v2\/posts\/21725"}],"collection":[{"href":"https:\/\/prvimaj.hr\/index.php?rest_route=\/wp\/v2\/posts"}],"about":[{"href":"https:\/\/prvimaj.hr\/index.php?rest_route=\/wp\/v2\/types\/post"}],"author":[{"embeddable":true,"href":"https:\/\/prvimaj.hr\/index.php?rest_route=\/wp\/v2\/users\/3"}],"replies":[{"embeddable":true,"href":"https:\/\/prvimaj.hr\/index.php?rest_route=%2Fwp%2Fv2%2Fcomments&post=21725"}],"version-history":[{"count":2,"href":"https:\/\/prvimaj.hr\/index.php?rest_route=\/wp\/v2\/posts\/21725\/revisions"}],"predecessor-version":[{"id":21728,"href":"https:\/\/prvimaj.hr\/index.php?rest_route=\/wp\/v2\/posts\/21725\/revisions\/21728"}],"wp:featuredmedia":[{"embeddable":true,"href":"https:\/\/prvimaj.hr\/index.php?rest_route=\/wp\/v2\/media\/21726"}],"wp:attachment":[{"href":"https:\/\/prvimaj.hr\/index.php?rest_route=%2Fwp%2Fv2%2Fmedia&parent=21725"}],"wp:term":[{"taxonomy":"category","embeddable":true,"href":"https:\/\/prvimaj.hr\/index.php?rest_route=%2Fwp%2Fv2%2Fcategories&post=21725"},{"taxonomy":"post_tag","embeddable":true,"href":"https:\/\/prvimaj.hr\/index.php?rest_route=%2Fwp%2Fv2%2Ftags&post=21725"}],"curies":[{"name":"wp","href":"https:\/\/api.w.org\/{rel}","templated":true}]}}