{"id":21737,"date":"2024-05-23T09:17:13","date_gmt":"2024-05-23T08:17:13","guid":{"rendered":"https:\/\/prvimaj.hr\/?p=21737"},"modified":"2024-05-23T09:17:21","modified_gmt":"2024-05-23T08:17:21","slug":"marija-grzan","status":"publish","type":"post","link":"https:\/\/prvimaj.hr\/?p=21737","title":{"rendered":"Marija Gr\u017ean"},"content":{"rendered":"<p>Tu\u017enim srcem javljamo svoj rodbini, prijateljima i znancima da nas je u srijedu 22.05.2024. godine u 97- oj godini \u017eivota napustila na\u0161a voljena<\/p>\n<h2 style=\"text-align: center\"><em><strong>MARIJA&nbsp; &nbsp;GR\u017dAN<\/strong><\/em><\/h2>\n<h3 style=\"text-align: center\"><em><strong>( iz Labina )<\/strong><\/em><\/h3>\n<p><!--more-->Posljednji ispra\u0107aj na\u0161e voljene pokojnice biti \u0107e u petak 24.05.2024. godine u krugu obitelji iz Komemorativnog centra u Labinu na gradsko groblje.<\/p>\n<p><em><strong>O\u017ealo\u0161\u0107eni:&nbsp;<\/strong><\/em>sinovi VINKO i BRANKO, k\u0107erka BRANKA, nevjeste FLAVIJA i BRUNA, zet JOSIP, unuci KATJA, KRISTIJAN, SANDRA, SAMANTA i SANJA sa familijama, te ostala tuguju\u0107a rodbina.<\/p>\n","protected":false},"excerpt":{"rendered":"<p>Tu\u017enim srcem javljamo svoj rodbini, prijateljima i znancima da nas je u srijedu 22.05.2024. godine u 97- oj godini \u017eivota napustila na\u0161a voljena MARIJA&nbsp; &nbsp;GR\u017dAN ( iz Labina )<\/p>\n","protected":false},"author":3,"featured_media":21738,"comment_status":"closed","ping_status":"closed","sticky":false,"template":"","format":"standard","meta":[],"categories":[3],"tags":[],"_links":{"self":[{"href":"https:\/\/prvimaj.hr\/index.php?rest_route=\/wp\/v2\/posts\/21737"}],"collection":[{"href":"https:\/\/prvimaj.hr\/index.php?rest_route=\/wp\/v2\/posts"}],"about":[{"href":"https:\/\/prvimaj.hr\/index.php?rest_route=\/wp\/v2\/types\/post"}],"author":[{"embeddable":true,"href":"https:\/\/prvimaj.hr\/index.php?rest_route=\/wp\/v2\/users\/3"}],"replies":[{"embeddable":true,"href":"https:\/\/prvimaj.hr\/index.php?rest_route=%2Fwp%2Fv2%2Fcomments&post=21737"}],"version-history":[{"count":2,"href":"https:\/\/prvimaj.hr\/index.php?rest_route=\/wp\/v2\/posts\/21737\/revisions"}],"predecessor-version":[{"id":21740,"href":"https:\/\/prvimaj.hr\/index.php?rest_route=\/wp\/v2\/posts\/21737\/revisions\/21740"}],"wp:featuredmedia":[{"embeddable":true,"href":"https:\/\/prvimaj.hr\/index.php?rest_route=\/wp\/v2\/media\/21738"}],"wp:attachment":[{"href":"https:\/\/prvimaj.hr\/index.php?rest_route=%2Fwp%2Fv2%2Fmedia&parent=21737"}],"wp:term":[{"taxonomy":"category","embeddable":true,"href":"https:\/\/prvimaj.hr\/index.php?rest_route=%2Fwp%2Fv2%2Fcategories&post=21737"},{"taxonomy":"post_tag","embeddable":true,"href":"https:\/\/prvimaj.hr\/index.php?rest_route=%2Fwp%2Fv2%2Ftags&post=21737"}],"curies":[{"name":"wp","href":"https:\/\/api.w.org\/{rel}","templated":true}]}}