{"id":21742,"date":"2024-05-23T12:58:47","date_gmt":"2024-05-23T11:58:47","guid":{"rendered":"https:\/\/prvimaj.hr\/?p=21742"},"modified":"2024-05-23T12:59:01","modified_gmt":"2024-05-23T11:59:01","slug":"zdravko-kujek","status":"publish","type":"post","link":"https:\/\/prvimaj.hr\/?p=21742","title":{"rendered":"Zdravko  Kujek"},"content":{"rendered":"<p>Rodbini, prijateljima i znancima \u017ealosnu vijest da nas je dana 23.05.2024. godine u 72. godini \u017eivota zauvijek napustio na\u0161<\/p>\n<h2 style=\"text-align: center\"><strong><em>ZDRAVKO&nbsp; &nbsp; &nbsp; KUJEK<\/em><\/strong><\/h2>\n<p><!--more--><\/p>\n<p>Posljednji ispra\u0107aj na\u0161eg pokojnika bit \u0107e u subotu 25.05.2024. godine u krugu obitelji i njegovih najmilijih iz Komemorativnog centra u Sv.Martinu &#8211; Martinskom na mjesno groblje.<\/p>\n<p><em><strong>Po\u010divao u miru.<\/strong><\/em><\/p>\n<p><strong><em>Molimo za tihu su\u0107ut.<\/em><\/strong><\/p>\n<p><strong><em>Tuguju\u0107i:&nbsp;<\/em><\/strong>ADRIANA i ELVIS<\/p>\n","protected":false},"excerpt":{"rendered":"<p>Rodbini, prijateljima i znancima \u017ealosnu vijest da nas je dana 23.05.2024. godine u 72. godini \u017eivota zauvijek napustio na\u0161 ZDRAVKO&nbsp; &nbsp; &nbsp; KUJEK<\/p>\n","protected":false},"author":3,"featured_media":21741,"comment_status":"closed","ping_status":"closed","sticky":false,"template":"","format":"standard","meta":[],"categories":[3],"tags":[],"_links":{"self":[{"href":"https:\/\/prvimaj.hr\/index.php?rest_route=\/wp\/v2\/posts\/21742"}],"collection":[{"href":"https:\/\/prvimaj.hr\/index.php?rest_route=\/wp\/v2\/posts"}],"about":[{"href":"https:\/\/prvimaj.hr\/index.php?rest_route=\/wp\/v2\/types\/post"}],"author":[{"embeddable":true,"href":"https:\/\/prvimaj.hr\/index.php?rest_route=\/wp\/v2\/users\/3"}],"replies":[{"embeddable":true,"href":"https:\/\/prvimaj.hr\/index.php?rest_route=%2Fwp%2Fv2%2Fcomments&post=21742"}],"version-history":[{"count":2,"href":"https:\/\/prvimaj.hr\/index.php?rest_route=\/wp\/v2\/posts\/21742\/revisions"}],"predecessor-version":[{"id":21744,"href":"https:\/\/prvimaj.hr\/index.php?rest_route=\/wp\/v2\/posts\/21742\/revisions\/21744"}],"wp:featuredmedia":[{"embeddable":true,"href":"https:\/\/prvimaj.hr\/index.php?rest_route=\/wp\/v2\/media\/21741"}],"wp:attachment":[{"href":"https:\/\/prvimaj.hr\/index.php?rest_route=%2Fwp%2Fv2%2Fmedia&parent=21742"}],"wp:term":[{"taxonomy":"category","embeddable":true,"href":"https:\/\/prvimaj.hr\/index.php?rest_route=%2Fwp%2Fv2%2Fcategories&post=21742"},{"taxonomy":"post_tag","embeddable":true,"href":"https:\/\/prvimaj.hr\/index.php?rest_route=%2Fwp%2Fv2%2Ftags&post=21742"}],"curies":[{"name":"wp","href":"https:\/\/api.w.org\/{rel}","templated":true}]}}