{"id":21749,"date":"2024-05-25T09:16:44","date_gmt":"2024-05-25T08:16:44","guid":{"rendered":"https:\/\/prvimaj.hr\/?p=21749"},"modified":"2024-05-25T09:16:52","modified_gmt":"2024-05-25T08:16:52","slug":"mujo-mahmutovic","status":"publish","type":"post","link":"https:\/\/prvimaj.hr\/?p=21749","title":{"rendered":"Mujo Mahmutovi\u0107"},"content":{"rendered":"<p>S tugom u srcu javljamo svoj rodbini, prijateljima i znancima \u017ealosnu vijest da je na\u0161 rahmetli<\/p>\n<h2 style=\"text-align: center\"><em><strong>MUJO&nbsp; &nbsp;MAHMUTOVI\u0106<\/strong><\/em><\/h2>\n<h3 style=\"text-align: center\"><em><strong>( iz Labina )<\/strong><\/em><\/h3>\n<p>preselio na ahiret u petak 24.05.2024. godine u 72- oj godini \u017eivota. D\u017eenaza \u0107e krenuti u ponedjeljak 27.05.2024. godine u 14,00 sati iz Komemorativnog centra u Labinu na gradsko groblje.<\/p>\n<p><em><strong>O\u017ealo\u0161\u0107eni:&nbsp;<\/strong><\/em>supruga ZIRAJETA, k\u0107erke SABINA i JASMINA, sin JASMIN, zetovi EKREM i DIRK, snaha NEZIRA, unuci ADNAN sa MELISOM, IRNES, LEYLA i MARISA, praunuci AJDIN i MAJDA, bra\u0107a i sestre sa obiteljima, te ostala tuguju\u0107a rodbina i prijatelji.<\/p>\n","protected":false},"excerpt":{"rendered":"<p>S tugom u srcu javljamo svoj rodbini, prijateljima i znancima \u017ealosnu vijest da je na\u0161 rahmetli MUJO&nbsp; &nbsp;MAHMUTOVI\u0106 ( iz Labina ) preselio na ahiret u petak 24.05.2024. godine u 72- oj godini \u017eivota. D\u017eenaza \u0107e krenuti u ponedjeljak 27.05.2024. godine u 14,00 sati iz Komemorativnog centra u Labinu na gradsko groblje. O\u017ealo\u0161\u0107eni:&nbsp;supruga ZIRAJETA, k\u0107erke [&hellip;]<\/p>\n","protected":false},"author":3,"featured_media":21750,"comment_status":"closed","ping_status":"closed","sticky":false,"template":"","format":"standard","meta":[],"categories":[3],"tags":[],"_links":{"self":[{"href":"https:\/\/prvimaj.hr\/index.php?rest_route=\/wp\/v2\/posts\/21749"}],"collection":[{"href":"https:\/\/prvimaj.hr\/index.php?rest_route=\/wp\/v2\/posts"}],"about":[{"href":"https:\/\/prvimaj.hr\/index.php?rest_route=\/wp\/v2\/types\/post"}],"author":[{"embeddable":true,"href":"https:\/\/prvimaj.hr\/index.php?rest_route=\/wp\/v2\/users\/3"}],"replies":[{"embeddable":true,"href":"https:\/\/prvimaj.hr\/index.php?rest_route=%2Fwp%2Fv2%2Fcomments&post=21749"}],"version-history":[{"count":2,"href":"https:\/\/prvimaj.hr\/index.php?rest_route=\/wp\/v2\/posts\/21749\/revisions"}],"predecessor-version":[{"id":21752,"href":"https:\/\/prvimaj.hr\/index.php?rest_route=\/wp\/v2\/posts\/21749\/revisions\/21752"}],"wp:featuredmedia":[{"embeddable":true,"href":"https:\/\/prvimaj.hr\/index.php?rest_route=\/wp\/v2\/media\/21750"}],"wp:attachment":[{"href":"https:\/\/prvimaj.hr\/index.php?rest_route=%2Fwp%2Fv2%2Fmedia&parent=21749"}],"wp:term":[{"taxonomy":"category","embeddable":true,"href":"https:\/\/prvimaj.hr\/index.php?rest_route=%2Fwp%2Fv2%2Fcategories&post=21749"},{"taxonomy":"post_tag","embeddable":true,"href":"https:\/\/prvimaj.hr\/index.php?rest_route=%2Fwp%2Fv2%2Ftags&post=21749"}],"curies":[{"name":"wp","href":"https:\/\/api.w.org\/{rel}","templated":true}]}}