{"id":21762,"date":"2024-05-29T07:25:50","date_gmt":"2024-05-29T06:25:50","guid":{"rendered":"https:\/\/prvimaj.hr\/?p=21762"},"modified":"2024-05-29T07:25:58","modified_gmt":"2024-05-29T06:25:58","slug":"irfan-brakmic","status":"publish","type":"post","link":"https:\/\/prvimaj.hr\/?p=21762","title":{"rendered":"Irfan Brakmi\u0107"},"content":{"rendered":"<p>S tugom u srcu javljamo svoj rodbini, prijateljima i znancima \u017ealosnu vijest da je na\u0161 rahmetli<\/p>\n<h2 style=\"text-align: center\"><em><strong>IRFAN&nbsp; &nbsp;BRAKMI\u0106<\/strong><\/em><\/h2>\n<h3 style=\"text-align: center\"><em><strong>( iz Labina )<\/strong><\/em><\/h3>\n<p><!--more-->preselio na ahiret u utorak 28.05.2024. godine u 69 -oj godini \u017eivota. D\u017eenaza \u0107e krenuti u petak 31.05.2024. godine u 14,30 sati iz Komemorativnog centra u Labinu na gradsko groblje.<\/p>\n<p><em><strong>O\u017ealo\u0161\u0107eni:&nbsp;<\/strong><\/em>supruga SENADA, brat MIRO, sestre RESMIJA i SADETA sa familijama, sestri\u0107i i brati\u0107i, familije BRAKMI\u0106, \u0160AHINOVI\u0106, OMEROVI\u0106, BENKOVI\u0106, MAKARAVI\u0106, TUR\u010cI, NOVI\u0106, DEKANOVI\u0106, HORVAT, IBRAHIMPA\u0160I\u0106 i RE\u0110I\u0106, te ostala mnogobrojna rodbina i prijatelji.<\/p>\n","protected":false},"excerpt":{"rendered":"<p>S tugom u srcu javljamo svoj rodbini, prijateljima i znancima \u017ealosnu vijest da je na\u0161 rahmetli IRFAN&nbsp; &nbsp;BRAKMI\u0106 ( iz Labina )<\/p>\n","protected":false},"author":3,"featured_media":21763,"comment_status":"closed","ping_status":"closed","sticky":false,"template":"","format":"standard","meta":[],"categories":[3],"tags":[],"_links":{"self":[{"href":"https:\/\/prvimaj.hr\/index.php?rest_route=\/wp\/v2\/posts\/21762"}],"collection":[{"href":"https:\/\/prvimaj.hr\/index.php?rest_route=\/wp\/v2\/posts"}],"about":[{"href":"https:\/\/prvimaj.hr\/index.php?rest_route=\/wp\/v2\/types\/post"}],"author":[{"embeddable":true,"href":"https:\/\/prvimaj.hr\/index.php?rest_route=\/wp\/v2\/users\/3"}],"replies":[{"embeddable":true,"href":"https:\/\/prvimaj.hr\/index.php?rest_route=%2Fwp%2Fv2%2Fcomments&post=21762"}],"version-history":[{"count":2,"href":"https:\/\/prvimaj.hr\/index.php?rest_route=\/wp\/v2\/posts\/21762\/revisions"}],"predecessor-version":[{"id":21765,"href":"https:\/\/prvimaj.hr\/index.php?rest_route=\/wp\/v2\/posts\/21762\/revisions\/21765"}],"wp:featuredmedia":[{"embeddable":true,"href":"https:\/\/prvimaj.hr\/index.php?rest_route=\/wp\/v2\/media\/21763"}],"wp:attachment":[{"href":"https:\/\/prvimaj.hr\/index.php?rest_route=%2Fwp%2Fv2%2Fmedia&parent=21762"}],"wp:term":[{"taxonomy":"category","embeddable":true,"href":"https:\/\/prvimaj.hr\/index.php?rest_route=%2Fwp%2Fv2%2Fcategories&post=21762"},{"taxonomy":"post_tag","embeddable":true,"href":"https:\/\/prvimaj.hr\/index.php?rest_route=%2Fwp%2Fv2%2Ftags&post=21762"}],"curies":[{"name":"wp","href":"https:\/\/api.w.org\/{rel}","templated":true}]}}