{"id":21769,"date":"2024-05-29T12:08:02","date_gmt":"2024-05-29T11:08:02","guid":{"rendered":"https:\/\/prvimaj.hr\/?p=21769"},"modified":"2024-05-29T12:08:09","modified_gmt":"2024-05-29T11:08:09","slug":"bruna-licul","status":"publish","type":"post","link":"https:\/\/prvimaj.hr\/?p=21769","title":{"rendered":"Bruna Licul"},"content":{"rendered":"<p>S tugom u srcu javljamo rodbini, prijateljima i znancima da nas je u utorak 28.05.2024. godine u 68- oj godini \u017eivota napustila na\u0161a voljena<\/p>\n<h2 style=\"text-align: center\"><em><strong>BRUNA&nbsp; &nbsp;LICUL<\/strong><\/em><\/h2>\n<h3 style=\"text-align: center\"><em><strong>( ro\u0111. \u010cernjul iz \u0160umbera )<\/strong><\/em><\/h3>\n<p><!--more-->Posljednji ispra\u0107aj na\u0161e voljene pokojnice bit \u0107e u petak 31.05.2024. godine u 13,00 sati iz Komemorativnog centra u \u0160umberu na mjesno groblje.<\/p>\n<p><em><strong>O\u017ealo\u0161\u0107eni:&nbsp;<\/strong><\/em>sin ALEN, k\u0107erka ALENKA, zet DALIBOR, unuci TINA i ALEXANDAR, brat IVE, sestra AN\u0110ELINA, kunjade MARICA, MARIJA, ANITA i MIRJANA, kunjadi DANTE i PINO sa familijama, te ostala tuguju\u0107a rodbina.<\/p>\n","protected":false},"excerpt":{"rendered":"<p>S tugom u srcu javljamo rodbini, prijateljima i znancima da nas je u utorak 28.05.2024. godine u 68- oj godini \u017eivota napustila na\u0161a voljena BRUNA&nbsp; &nbsp;LICUL ( ro\u0111. \u010cernjul iz \u0160umbera )<\/p>\n","protected":false},"author":3,"featured_media":21770,"comment_status":"closed","ping_status":"closed","sticky":false,"template":"","format":"standard","meta":[],"categories":[3],"tags":[],"_links":{"self":[{"href":"https:\/\/prvimaj.hr\/index.php?rest_route=\/wp\/v2\/posts\/21769"}],"collection":[{"href":"https:\/\/prvimaj.hr\/index.php?rest_route=\/wp\/v2\/posts"}],"about":[{"href":"https:\/\/prvimaj.hr\/index.php?rest_route=\/wp\/v2\/types\/post"}],"author":[{"embeddable":true,"href":"https:\/\/prvimaj.hr\/index.php?rest_route=\/wp\/v2\/users\/3"}],"replies":[{"embeddable":true,"href":"https:\/\/prvimaj.hr\/index.php?rest_route=%2Fwp%2Fv2%2Fcomments&post=21769"}],"version-history":[{"count":2,"href":"https:\/\/prvimaj.hr\/index.php?rest_route=\/wp\/v2\/posts\/21769\/revisions"}],"predecessor-version":[{"id":21772,"href":"https:\/\/prvimaj.hr\/index.php?rest_route=\/wp\/v2\/posts\/21769\/revisions\/21772"}],"wp:featuredmedia":[{"embeddable":true,"href":"https:\/\/prvimaj.hr\/index.php?rest_route=\/wp\/v2\/media\/21770"}],"wp:attachment":[{"href":"https:\/\/prvimaj.hr\/index.php?rest_route=%2Fwp%2Fv2%2Fmedia&parent=21769"}],"wp:term":[{"taxonomy":"category","embeddable":true,"href":"https:\/\/prvimaj.hr\/index.php?rest_route=%2Fwp%2Fv2%2Fcategories&post=21769"},{"taxonomy":"post_tag","embeddable":true,"href":"https:\/\/prvimaj.hr\/index.php?rest_route=%2Fwp%2Fv2%2Ftags&post=21769"}],"curies":[{"name":"wp","href":"https:\/\/api.w.org\/{rel}","templated":true}]}}