{"id":21800,"date":"2024-06-03T10:04:21","date_gmt":"2024-06-03T09:04:21","guid":{"rendered":"https:\/\/prvimaj.hr\/?p=21800"},"modified":"2024-06-03T10:04:29","modified_gmt":"2024-06-03T09:04:29","slug":"milan-miletic","status":"publish","type":"post","link":"https:\/\/prvimaj.hr\/?p=21800","title":{"rendered":"Milan Mileti\u0107"},"content":{"rendered":"<p>Tu\u017enim srcem javljamo svoj rodbini, prijateljima i znancima da nas je u nedjelju 02.06.2024. godine u 69- oj godini \u017eivota napustio na\u0161 voljeni<\/p>\n<h2 style=\"text-align: center\"><em><strong>MILAN&nbsp; &nbsp;MILETI\u0106<\/strong><\/em><\/h2>\n<h3 style=\"text-align: center\"><em><strong>( s Topida )<\/strong><\/em><\/h3>\n<p><!--more-->Posljednji ispra\u0107aj na\u0161eg voljenog pokojnika bit \u0107e u utorak 04.06.2024. godine u 12,00 sati iz Komemorativnog centra u Labinu na gradsko groblje.<\/p>\n<p><em><strong>O\u017ealo\u0161\u0107eni:&nbsp;<\/strong><\/em>\u017eena LORI, nevesta SABINA, nuki IVONA i MARIA, brat TONI i sestra PINA s famejami, ne\u0107oki i ne\u0107akinje s famejami, kunjode RENATA i FLAVIJA s fameju, te ostala tuguju\u0107a rodbina.<\/p>\n","protected":false},"excerpt":{"rendered":"<p>Tu\u017enim srcem javljamo svoj rodbini, prijateljima i znancima da nas je u nedjelju 02.06.2024. godine u 69- oj godini \u017eivota napustio na\u0161 voljeni MILAN&nbsp; &nbsp;MILETI\u0106 ( s Topida )<\/p>\n","protected":false},"author":3,"featured_media":21801,"comment_status":"closed","ping_status":"closed","sticky":false,"template":"","format":"standard","meta":[],"categories":[3],"tags":[],"_links":{"self":[{"href":"https:\/\/prvimaj.hr\/index.php?rest_route=\/wp\/v2\/posts\/21800"}],"collection":[{"href":"https:\/\/prvimaj.hr\/index.php?rest_route=\/wp\/v2\/posts"}],"about":[{"href":"https:\/\/prvimaj.hr\/index.php?rest_route=\/wp\/v2\/types\/post"}],"author":[{"embeddable":true,"href":"https:\/\/prvimaj.hr\/index.php?rest_route=\/wp\/v2\/users\/3"}],"replies":[{"embeddable":true,"href":"https:\/\/prvimaj.hr\/index.php?rest_route=%2Fwp%2Fv2%2Fcomments&post=21800"}],"version-history":[{"count":2,"href":"https:\/\/prvimaj.hr\/index.php?rest_route=\/wp\/v2\/posts\/21800\/revisions"}],"predecessor-version":[{"id":21803,"href":"https:\/\/prvimaj.hr\/index.php?rest_route=\/wp\/v2\/posts\/21800\/revisions\/21803"}],"wp:featuredmedia":[{"embeddable":true,"href":"https:\/\/prvimaj.hr\/index.php?rest_route=\/wp\/v2\/media\/21801"}],"wp:attachment":[{"href":"https:\/\/prvimaj.hr\/index.php?rest_route=%2Fwp%2Fv2%2Fmedia&parent=21800"}],"wp:term":[{"taxonomy":"category","embeddable":true,"href":"https:\/\/prvimaj.hr\/index.php?rest_route=%2Fwp%2Fv2%2Fcategories&post=21800"},{"taxonomy":"post_tag","embeddable":true,"href":"https:\/\/prvimaj.hr\/index.php?rest_route=%2Fwp%2Fv2%2Ftags&post=21800"}],"curies":[{"name":"wp","href":"https:\/\/api.w.org\/{rel}","templated":true}]}}