{"id":21813,"date":"2024-06-06T08:48:12","date_gmt":"2024-06-06T07:48:12","guid":{"rendered":"https:\/\/prvimaj.hr\/?p=21813"},"modified":"2024-06-06T08:48:19","modified_gmt":"2024-06-06T07:48:19","slug":"fatima-prizrenovic","status":"publish","type":"post","link":"https:\/\/prvimaj.hr\/?p=21813","title":{"rendered":"Fatima Prizrenovi\u0107"},"content":{"rendered":"<p>S tugom u srcu javljamo rodbini, prijateljima i znancima \u017ealosnu vijest da je na\u0161a rahmetli<\/p>\n<h2 style=\"text-align: center\"><em><strong>FATIMA&nbsp; &nbsp;PRIZRENOVI\u0106<\/strong><\/em><\/h2>\n<h3 style=\"text-align: center\"><em><strong>( iz Potpi\u0107na )<\/strong><\/em><\/h3>\n<p><!--more-->preselila na ahiret u srijedu 05.06.2024. godine u 75- oj godini \u017eivota. D\u017eenaza \u0107e se obaviti u utorak 11.06.2024. godine u mjestu Nahvioci BiH.<\/p>\n<p><em><strong>O\u017ealo\u0161\u0107eni:&nbsp;<\/strong><\/em>suprug RED\u017dEP, k\u0107erka MIRSADA, sin MIRSAD, snaha NERMINA, unuci MIHAEL, BORNA, EDIS i ANEL, bra\u0107a ALIJA, MUHAMED i sestra MULAJMA sa familijama, te ostala tuguju\u0107a rodbina.<\/p>\n","protected":false},"excerpt":{"rendered":"<p>S tugom u srcu javljamo rodbini, prijateljima i znancima \u017ealosnu vijest da je na\u0161a rahmetli FATIMA&nbsp; &nbsp;PRIZRENOVI\u0106 ( iz Potpi\u0107na )<\/p>\n","protected":false},"author":3,"featured_media":21814,"comment_status":"closed","ping_status":"closed","sticky":false,"template":"","format":"standard","meta":[],"categories":[3],"tags":[],"_links":{"self":[{"href":"https:\/\/prvimaj.hr\/index.php?rest_route=\/wp\/v2\/posts\/21813"}],"collection":[{"href":"https:\/\/prvimaj.hr\/index.php?rest_route=\/wp\/v2\/posts"}],"about":[{"href":"https:\/\/prvimaj.hr\/index.php?rest_route=\/wp\/v2\/types\/post"}],"author":[{"embeddable":true,"href":"https:\/\/prvimaj.hr\/index.php?rest_route=\/wp\/v2\/users\/3"}],"replies":[{"embeddable":true,"href":"https:\/\/prvimaj.hr\/index.php?rest_route=%2Fwp%2Fv2%2Fcomments&post=21813"}],"version-history":[{"count":2,"href":"https:\/\/prvimaj.hr\/index.php?rest_route=\/wp\/v2\/posts\/21813\/revisions"}],"predecessor-version":[{"id":21816,"href":"https:\/\/prvimaj.hr\/index.php?rest_route=\/wp\/v2\/posts\/21813\/revisions\/21816"}],"wp:featuredmedia":[{"embeddable":true,"href":"https:\/\/prvimaj.hr\/index.php?rest_route=\/wp\/v2\/media\/21814"}],"wp:attachment":[{"href":"https:\/\/prvimaj.hr\/index.php?rest_route=%2Fwp%2Fv2%2Fmedia&parent=21813"}],"wp:term":[{"taxonomy":"category","embeddable":true,"href":"https:\/\/prvimaj.hr\/index.php?rest_route=%2Fwp%2Fv2%2Fcategories&post=21813"},{"taxonomy":"post_tag","embeddable":true,"href":"https:\/\/prvimaj.hr\/index.php?rest_route=%2Fwp%2Fv2%2Ftags&post=21813"}],"curies":[{"name":"wp","href":"https:\/\/api.w.org\/{rel}","templated":true}]}}