{"id":21817,"date":"2024-06-07T10:27:06","date_gmt":"2024-06-07T09:27:06","guid":{"rendered":"https:\/\/prvimaj.hr\/?p=21817"},"modified":"2024-06-07T10:27:13","modified_gmt":"2024-06-07T09:27:13","slug":"rita-vojic","status":"publish","type":"post","link":"https:\/\/prvimaj.hr\/?p=21817","title":{"rendered":"Rita Voji\u0107"},"content":{"rendered":"<p>Tu\u017enim srcem javljamo svoj rodbini, prijateljima i znancima da nas je u \u010detvrtak 06.06.2024. godine u 94- oj godini \u017eivota napustila na\u0161a voljena<\/p>\n<h2 style=\"text-align: center\"><em><strong>RITA&nbsp; &nbsp;VOJI\u0106<\/strong><\/em><\/h2>\n<h3 style=\"text-align: center\"><em><strong>( ro\u0111. Brati\u010di\u0107 iz Labina )<\/strong><\/em><\/h3>\n<p><!--more-->posljednji ispra\u0107aj na\u0161e voljene pokojnice bit \u0107e u krugu obitelji iz Komemorativnog centra u Labinu na gradsko groblje.<\/p>\n<p><em><strong>O\u017ealo\u0161\u0107eni:&nbsp;<\/strong><\/em>k\u0107erka SLAVICA, zet MARIJO, unuka LARA, praunuci TOMMY i TIA, te ostala tuguju\u0107a rodbina.<\/p>\n","protected":false},"excerpt":{"rendered":"<p>Tu\u017enim srcem javljamo svoj rodbini, prijateljima i znancima da nas je u \u010detvrtak 06.06.2024. godine u 94- oj godini \u017eivota napustila na\u0161a voljena RITA&nbsp; &nbsp;VOJI\u0106 ( ro\u0111. Brati\u010di\u0107 iz Labina )<\/p>\n","protected":false},"author":3,"featured_media":21818,"comment_status":"closed","ping_status":"closed","sticky":false,"template":"","format":"standard","meta":[],"categories":[3],"tags":[],"_links":{"self":[{"href":"https:\/\/prvimaj.hr\/index.php?rest_route=\/wp\/v2\/posts\/21817"}],"collection":[{"href":"https:\/\/prvimaj.hr\/index.php?rest_route=\/wp\/v2\/posts"}],"about":[{"href":"https:\/\/prvimaj.hr\/index.php?rest_route=\/wp\/v2\/types\/post"}],"author":[{"embeddable":true,"href":"https:\/\/prvimaj.hr\/index.php?rest_route=\/wp\/v2\/users\/3"}],"replies":[{"embeddable":true,"href":"https:\/\/prvimaj.hr\/index.php?rest_route=%2Fwp%2Fv2%2Fcomments&post=21817"}],"version-history":[{"count":2,"href":"https:\/\/prvimaj.hr\/index.php?rest_route=\/wp\/v2\/posts\/21817\/revisions"}],"predecessor-version":[{"id":21820,"href":"https:\/\/prvimaj.hr\/index.php?rest_route=\/wp\/v2\/posts\/21817\/revisions\/21820"}],"wp:featuredmedia":[{"embeddable":true,"href":"https:\/\/prvimaj.hr\/index.php?rest_route=\/wp\/v2\/media\/21818"}],"wp:attachment":[{"href":"https:\/\/prvimaj.hr\/index.php?rest_route=%2Fwp%2Fv2%2Fmedia&parent=21817"}],"wp:term":[{"taxonomy":"category","embeddable":true,"href":"https:\/\/prvimaj.hr\/index.php?rest_route=%2Fwp%2Fv2%2Fcategories&post=21817"},{"taxonomy":"post_tag","embeddable":true,"href":"https:\/\/prvimaj.hr\/index.php?rest_route=%2Fwp%2Fv2%2Ftags&post=21817"}],"curies":[{"name":"wp","href":"https:\/\/api.w.org\/{rel}","templated":true}]}}