{"id":21830,"date":"2024-06-08T11:40:30","date_gmt":"2024-06-08T10:40:30","guid":{"rendered":"https:\/\/prvimaj.hr\/?p=21830"},"modified":"2024-06-08T11:40:36","modified_gmt":"2024-06-08T10:40:36","slug":"sajda-dzekic","status":"publish","type":"post","link":"https:\/\/prvimaj.hr\/?p=21830","title":{"rendered":"Sajda D\u017eeki\u0107"},"content":{"rendered":"<p>S tugom u srcu javljamo rodbini, prijateljima i znancima \u017ealosnu vijest da je na\u0161a rahmetli<\/p>\n<h2 style=\"text-align: center\"><em><strong>SAJDA&nbsp; D\u017dEKI\u0106<\/strong><\/em><\/h2>\n<h3 style=\"text-align: center\"><em><strong>( iz Labina )<\/strong><\/em><\/h3>\n<p><!--more-->preselila na ahiret u petak 07.06.2024. godine u 75- oj godini \u017eivota. D\u017eenaza \u0107e krenuti u utorak 11.06.2024. godine u 14,30 sati iz komemorativnog centra u Labinu na gradsko groblje.<\/p>\n<p><em><strong>O\u017ealo\u0161\u0107eni:&nbsp;<\/strong><\/em>suprug MEHMED &#8211; MEHO, sin RAMIZ, k\u0107erka JASMINKA, snaha DUBRAVKA, zet ESAD, unuci EMRAH i REA, bra\u0107a HASIB, HALID i sestre MEVLIDA i ZUMRA sa familijama, te ostala tuguju\u0107a rodbina, prijatelji i susjedi.<\/p>\n","protected":false},"excerpt":{"rendered":"<p>S tugom u srcu javljamo rodbini, prijateljima i znancima \u017ealosnu vijest da je na\u0161a rahmetli SAJDA&nbsp; D\u017dEKI\u0106 ( iz Labina )<\/p>\n","protected":false},"author":3,"featured_media":21831,"comment_status":"closed","ping_status":"closed","sticky":false,"template":"","format":"standard","meta":[],"categories":[3],"tags":[],"_links":{"self":[{"href":"https:\/\/prvimaj.hr\/index.php?rest_route=\/wp\/v2\/posts\/21830"}],"collection":[{"href":"https:\/\/prvimaj.hr\/index.php?rest_route=\/wp\/v2\/posts"}],"about":[{"href":"https:\/\/prvimaj.hr\/index.php?rest_route=\/wp\/v2\/types\/post"}],"author":[{"embeddable":true,"href":"https:\/\/prvimaj.hr\/index.php?rest_route=\/wp\/v2\/users\/3"}],"replies":[{"embeddable":true,"href":"https:\/\/prvimaj.hr\/index.php?rest_route=%2Fwp%2Fv2%2Fcomments&post=21830"}],"version-history":[{"count":2,"href":"https:\/\/prvimaj.hr\/index.php?rest_route=\/wp\/v2\/posts\/21830\/revisions"}],"predecessor-version":[{"id":21833,"href":"https:\/\/prvimaj.hr\/index.php?rest_route=\/wp\/v2\/posts\/21830\/revisions\/21833"}],"wp:featuredmedia":[{"embeddable":true,"href":"https:\/\/prvimaj.hr\/index.php?rest_route=\/wp\/v2\/media\/21831"}],"wp:attachment":[{"href":"https:\/\/prvimaj.hr\/index.php?rest_route=%2Fwp%2Fv2%2Fmedia&parent=21830"}],"wp:term":[{"taxonomy":"category","embeddable":true,"href":"https:\/\/prvimaj.hr\/index.php?rest_route=%2Fwp%2Fv2%2Fcategories&post=21830"},{"taxonomy":"post_tag","embeddable":true,"href":"https:\/\/prvimaj.hr\/index.php?rest_route=%2Fwp%2Fv2%2Ftags&post=21830"}],"curies":[{"name":"wp","href":"https:\/\/api.w.org\/{rel}","templated":true}]}}