{"id":21875,"date":"2024-06-17T12:56:54","date_gmt":"2024-06-17T11:56:54","guid":{"rendered":"https:\/\/prvimaj.hr\/?p=21875"},"modified":"2024-06-17T12:57:13","modified_gmt":"2024-06-17T11:57:13","slug":"ida-pusec","status":"publish","type":"post","link":"https:\/\/prvimaj.hr\/?p=21875","title":{"rendered":"Ida  Pu\u0161ec"},"content":{"rendered":"<p>Zaspala je na\u0161a lavica, na\u0161 borac, na\u0161a mama, nona i pranona<\/p>\n<h2 style=\"text-align: center\"><strong><em>IDA&nbsp; &nbsp;PU\u0160EC<\/em><\/strong><\/h2>\n<h3 style=\"text-align: center\"><strong><em>( ro\u0111.Na\u010dinovi\u0107 iz Er\u017ei\u0161\u0107a )<\/em><\/strong><\/h3>\n<p><!--more--><\/p>\n<p>Posljednji ispra\u0107aj na\u0161e voljene pokojnice bit \u0107e u utorak 18.06.2024. godine u 11,00 sati iz Komemorativnog centra u Labinu na gradsko groblje.<\/p>\n<p>Nek joj telo po\u010dine, neka joj se du\u0161a zale\u010di.<\/p>\n<p><strong><em>O\u017ealo\u0161\u0107eni:&nbsp;<\/em><\/strong>JASNA, BRANKO i MARICA, INES, MAURICIO i ZARA, MAJA, MIKELE, EMA i ANI.<\/p>\n","protected":false},"excerpt":{"rendered":"<p>Zaspala je na\u0161a lavica, na\u0161 borac, na\u0161a mama, nona i pranona IDA&nbsp; &nbsp;PU\u0160EC ( ro\u0111.Na\u010dinovi\u0107 iz Er\u017ei\u0161\u0107a )<\/p>\n","protected":false},"author":3,"featured_media":21874,"comment_status":"closed","ping_status":"closed","sticky":false,"template":"","format":"standard","meta":[],"categories":[3],"tags":[],"_links":{"self":[{"href":"https:\/\/prvimaj.hr\/index.php?rest_route=\/wp\/v2\/posts\/21875"}],"collection":[{"href":"https:\/\/prvimaj.hr\/index.php?rest_route=\/wp\/v2\/posts"}],"about":[{"href":"https:\/\/prvimaj.hr\/index.php?rest_route=\/wp\/v2\/types\/post"}],"author":[{"embeddable":true,"href":"https:\/\/prvimaj.hr\/index.php?rest_route=\/wp\/v2\/users\/3"}],"replies":[{"embeddable":true,"href":"https:\/\/prvimaj.hr\/index.php?rest_route=%2Fwp%2Fv2%2Fcomments&post=21875"}],"version-history":[{"count":3,"href":"https:\/\/prvimaj.hr\/index.php?rest_route=\/wp\/v2\/posts\/21875\/revisions"}],"predecessor-version":[{"id":21878,"href":"https:\/\/prvimaj.hr\/index.php?rest_route=\/wp\/v2\/posts\/21875\/revisions\/21878"}],"wp:featuredmedia":[{"embeddable":true,"href":"https:\/\/prvimaj.hr\/index.php?rest_route=\/wp\/v2\/media\/21874"}],"wp:attachment":[{"href":"https:\/\/prvimaj.hr\/index.php?rest_route=%2Fwp%2Fv2%2Fmedia&parent=21875"}],"wp:term":[{"taxonomy":"category","embeddable":true,"href":"https:\/\/prvimaj.hr\/index.php?rest_route=%2Fwp%2Fv2%2Fcategories&post=21875"},{"taxonomy":"post_tag","embeddable":true,"href":"https:\/\/prvimaj.hr\/index.php?rest_route=%2Fwp%2Fv2%2Ftags&post=21875"}],"curies":[{"name":"wp","href":"https:\/\/api.w.org\/{rel}","templated":true}]}}