{"id":21896,"date":"2024-06-24T08:09:17","date_gmt":"2024-06-24T07:09:17","guid":{"rendered":"https:\/\/prvimaj.hr\/?p=21896"},"modified":"2024-06-24T08:09:37","modified_gmt":"2024-06-24T07:09:37","slug":"ivana-tencic","status":"publish","type":"post","link":"https:\/\/prvimaj.hr\/?p=21896","title":{"rendered":"Ivana Ten\u010di\u0107"},"content":{"rendered":"<p>S tugom u srcu javljamo rodbini, prijateljima i znancima da nas je u subotu 22.06.2024. godine u 88- oj godini \u017eivota napustila na\u0161a voljena<\/p>\n<h2 style=\"text-align: center\"><em><strong>IVANA&nbsp; &nbsp;TEN\u010cI\u0106<\/strong><\/em><\/h2>\n<h3 style=\"text-align: center\"><em><strong>( ro\u0111. Bla\u0161kovi\u0107 )<\/strong><\/em><\/h3>\n<p><!--more-->Posljednji ispra\u0107aj na\u0161e voljene pokojnice bit \u0107e u utorak 25.06.2024. godine u 14,00 sati iz Komemorativnog centra u Sv. Nedjelji &#8211; Nede\u0161\u0107ini na mjesno groblje.<\/p>\n<p><em><strong>O\u017ealo\u0161\u0107eni:&nbsp;<\/strong><\/em>k\u0107erka IRENA, unuci MICHEL i MARIN s MONIKOM, sestre MARIJA, ALBINA i ALMA sa familijama, kunjade ALBINA i RINA sa familijama, ne\u0107akinje i ne\u0107aci, te ostala tuguju\u0107a rodbina.<\/p>\n","protected":false},"excerpt":{"rendered":"<p>S tugom u srcu javljamo rodbini, prijateljima i znancima da nas je u subotu 22.06.2024. godine u 88- oj godini \u017eivota napustila na\u0161a voljena IVANA&nbsp; &nbsp;TEN\u010cI\u0106 ( ro\u0111. Bla\u0161kovi\u0107 )<\/p>\n","protected":false},"author":3,"featured_media":21897,"comment_status":"closed","ping_status":"closed","sticky":false,"template":"","format":"standard","meta":[],"categories":[3],"tags":[],"_links":{"self":[{"href":"https:\/\/prvimaj.hr\/index.php?rest_route=\/wp\/v2\/posts\/21896"}],"collection":[{"href":"https:\/\/prvimaj.hr\/index.php?rest_route=\/wp\/v2\/posts"}],"about":[{"href":"https:\/\/prvimaj.hr\/index.php?rest_route=\/wp\/v2\/types\/post"}],"author":[{"embeddable":true,"href":"https:\/\/prvimaj.hr\/index.php?rest_route=\/wp\/v2\/users\/3"}],"replies":[{"embeddable":true,"href":"https:\/\/prvimaj.hr\/index.php?rest_route=%2Fwp%2Fv2%2Fcomments&post=21896"}],"version-history":[{"count":2,"href":"https:\/\/prvimaj.hr\/index.php?rest_route=\/wp\/v2\/posts\/21896\/revisions"}],"predecessor-version":[{"id":21899,"href":"https:\/\/prvimaj.hr\/index.php?rest_route=\/wp\/v2\/posts\/21896\/revisions\/21899"}],"wp:featuredmedia":[{"embeddable":true,"href":"https:\/\/prvimaj.hr\/index.php?rest_route=\/wp\/v2\/media\/21897"}],"wp:attachment":[{"href":"https:\/\/prvimaj.hr\/index.php?rest_route=%2Fwp%2Fv2%2Fmedia&parent=21896"}],"wp:term":[{"taxonomy":"category","embeddable":true,"href":"https:\/\/prvimaj.hr\/index.php?rest_route=%2Fwp%2Fv2%2Fcategories&post=21896"},{"taxonomy":"post_tag","embeddable":true,"href":"https:\/\/prvimaj.hr\/index.php?rest_route=%2Fwp%2Fv2%2Ftags&post=21896"}],"curies":[{"name":"wp","href":"https:\/\/api.w.org\/{rel}","templated":true}]}}