{"id":21909,"date":"2024-06-26T11:56:03","date_gmt":"2024-06-26T10:56:03","guid":{"rendered":"https:\/\/prvimaj.hr\/?p=21909"},"modified":"2024-06-26T11:56:15","modified_gmt":"2024-06-26T10:56:15","slug":"elda-blaskovic","status":"publish","type":"post","link":"https:\/\/prvimaj.hr\/?p=21909","title":{"rendered":"Elda  Bla\u0161kovi\u0107"},"content":{"rendered":"<p>S tugom u srcu javljamo rodbini, prijateljima i znancima da nas je u ponedjeljak 24.06.2024. godine u 91. godini \u017eivota napustila na\u0161a voljena<\/p>\n<h2 style=\"text-align: center\"><strong><em>ELDA&nbsp; &nbsp; &nbsp; BLA\u0160KOVI\u0106<\/em><\/strong><\/h2>\n<p><!--more--><\/p>\n<p>Posljednji ispra\u0107aj na\u0161e voljene pokojnice biti \u0107e u petak 28.06.2024. godine u 14,00 sati iz Komemorativnog centra u Labinu a gradsko groblje.<\/p>\n<p><strong><em>Molimo za tihu su\u0107ut.<\/em><\/strong><\/p>\n<p><em><strong>O\u017ealo\u0161\u0107eni: <\/strong><\/em>sin DEAN, k\u0107er VIRNA, zet PATRICIO, unuci ALEN, MICHELA sa MARKOM, NOEMI i PATRIZIA, praunuk TONI, te ostala tuguju\u0107a obitelj.<em><strong>&nbsp;<\/strong><\/em><\/p>\n\n\n<p><\/p>\n","protected":false},"excerpt":{"rendered":"<p>S tugom u srcu javljamo rodbini, prijateljima i znancima da nas je u ponedjeljak 24.06.2024. godine u 91. godini \u017eivota napustila na\u0161a voljena ELDA&nbsp; &nbsp; &nbsp; BLA\u0160KOVI\u0106<\/p>\n","protected":false},"author":3,"featured_media":21908,"comment_status":"closed","ping_status":"closed","sticky":false,"template":"","format":"standard","meta":[],"categories":[3],"tags":[],"_links":{"self":[{"href":"https:\/\/prvimaj.hr\/index.php?rest_route=\/wp\/v2\/posts\/21909"}],"collection":[{"href":"https:\/\/prvimaj.hr\/index.php?rest_route=\/wp\/v2\/posts"}],"about":[{"href":"https:\/\/prvimaj.hr\/index.php?rest_route=\/wp\/v2\/types\/post"}],"author":[{"embeddable":true,"href":"https:\/\/prvimaj.hr\/index.php?rest_route=\/wp\/v2\/users\/3"}],"replies":[{"embeddable":true,"href":"https:\/\/prvimaj.hr\/index.php?rest_route=%2Fwp%2Fv2%2Fcomments&post=21909"}],"version-history":[{"count":2,"href":"https:\/\/prvimaj.hr\/index.php?rest_route=\/wp\/v2\/posts\/21909\/revisions"}],"predecessor-version":[{"id":21911,"href":"https:\/\/prvimaj.hr\/index.php?rest_route=\/wp\/v2\/posts\/21909\/revisions\/21911"}],"wp:featuredmedia":[{"embeddable":true,"href":"https:\/\/prvimaj.hr\/index.php?rest_route=\/wp\/v2\/media\/21908"}],"wp:attachment":[{"href":"https:\/\/prvimaj.hr\/index.php?rest_route=%2Fwp%2Fv2%2Fmedia&parent=21909"}],"wp:term":[{"taxonomy":"category","embeddable":true,"href":"https:\/\/prvimaj.hr\/index.php?rest_route=%2Fwp%2Fv2%2Fcategories&post=21909"},{"taxonomy":"post_tag","embeddable":true,"href":"https:\/\/prvimaj.hr\/index.php?rest_route=%2Fwp%2Fv2%2Ftags&post=21909"}],"curies":[{"name":"wp","href":"https:\/\/api.w.org\/{rel}","templated":true}]}}