{"id":21912,"date":"2024-06-29T07:54:16","date_gmt":"2024-06-29T06:54:16","guid":{"rendered":"https:\/\/prvimaj.hr\/?p=21912"},"modified":"2024-06-29T07:54:22","modified_gmt":"2024-06-29T06:54:22","slug":"elvira-milevoj","status":"publish","type":"post","link":"https:\/\/prvimaj.hr\/?p=21912","title":{"rendered":"Elvira Milevoj"},"content":{"rendered":"<p>Tu\u017enim srcem javljamo rodbini, prijateljima i znancima da nas je u \u010detvrtak 27.06.2024. godine u 83- oj godini \u017eivota napustila na\u0161a voljena<\/p>\n<h2 style=\"text-align: center\"><em><strong>ELVIRA&nbsp; &nbsp;MILEVOJ<\/strong><\/em><\/h2>\n<h3 style=\"text-align: center\"><em><strong>( ro\u0111. Ble\u010di\u0107 )<\/strong><\/em><\/h3>\n<p><!--more-->Posljednji ispra\u0107aj na\u0161e voljene pokojnice bit \u0107e u ponedjeljak 01.07.2024. godine u 14,00 sati iz Komemorativnog centra u Labinu.<\/p>\n<p><em><strong>Molimo da umjesto cvije\u0107a i svije\u0107a sredstva donirate Udruzi Lige protiv raka Labin na IBAN HR 9524020061100488053.<\/strong><\/em><\/p>\n<p><em><strong>O\u017ealo\u0161\u0107eni:&nbsp;<\/strong><\/em>sin NEVEN, nevjesta ORIANA, unuke NASTASSIA s partnerom SAM, ISABELLE s partnerom JACKSON, sestra JULIJA sa familijom, brat DU\u0160AN sa familijom i ostala tuguju\u0107a rodbina.<\/p>\n","protected":false},"excerpt":{"rendered":"<p>Tu\u017enim srcem javljamo rodbini, prijateljima i znancima da nas je u \u010detvrtak 27.06.2024. godine u 83- oj godini \u017eivota napustila na\u0161a voljena ELVIRA&nbsp; &nbsp;MILEVOJ ( ro\u0111. Ble\u010di\u0107 )<\/p>\n","protected":false},"author":3,"featured_media":21913,"comment_status":"closed","ping_status":"closed","sticky":false,"template":"","format":"standard","meta":[],"categories":[3],"tags":[],"_links":{"self":[{"href":"https:\/\/prvimaj.hr\/index.php?rest_route=\/wp\/v2\/posts\/21912"}],"collection":[{"href":"https:\/\/prvimaj.hr\/index.php?rest_route=\/wp\/v2\/posts"}],"about":[{"href":"https:\/\/prvimaj.hr\/index.php?rest_route=\/wp\/v2\/types\/post"}],"author":[{"embeddable":true,"href":"https:\/\/prvimaj.hr\/index.php?rest_route=\/wp\/v2\/users\/3"}],"replies":[{"embeddable":true,"href":"https:\/\/prvimaj.hr\/index.php?rest_route=%2Fwp%2Fv2%2Fcomments&post=21912"}],"version-history":[{"count":2,"href":"https:\/\/prvimaj.hr\/index.php?rest_route=\/wp\/v2\/posts\/21912\/revisions"}],"predecessor-version":[{"id":21915,"href":"https:\/\/prvimaj.hr\/index.php?rest_route=\/wp\/v2\/posts\/21912\/revisions\/21915"}],"wp:featuredmedia":[{"embeddable":true,"href":"https:\/\/prvimaj.hr\/index.php?rest_route=\/wp\/v2\/media\/21913"}],"wp:attachment":[{"href":"https:\/\/prvimaj.hr\/index.php?rest_route=%2Fwp%2Fv2%2Fmedia&parent=21912"}],"wp:term":[{"taxonomy":"category","embeddable":true,"href":"https:\/\/prvimaj.hr\/index.php?rest_route=%2Fwp%2Fv2%2Fcategories&post=21912"},{"taxonomy":"post_tag","embeddable":true,"href":"https:\/\/prvimaj.hr\/index.php?rest_route=%2Fwp%2Fv2%2Ftags&post=21912"}],"curies":[{"name":"wp","href":"https:\/\/api.w.org\/{rel}","templated":true}]}}