{"id":21927,"date":"2024-06-29T11:09:22","date_gmt":"2024-06-29T10:09:22","guid":{"rendered":"https:\/\/prvimaj.hr\/?p=21927"},"modified":"2024-06-29T11:09:30","modified_gmt":"2024-06-29T10:09:30","slug":"olga-burul","status":"publish","type":"post","link":"https:\/\/prvimaj.hr\/?p=21927","title":{"rendered":"Olga Burul"},"content":{"rendered":"<p>S tugom u srcu javljamo rodbini, prijateljima i znancima da nas je u petak 28.06.2024. godine u 94- oj godini \u017eivota napustila na\u0161a voljena<\/p>\n<h2 style=\"text-align: center\"><em><strong>OLGA&nbsp; &nbsp; &nbsp;BURUL<\/strong><\/em><\/h2>\n<h3 style=\"text-align: center\"><em><strong>( ro\u0111. Na\u010dinovi\u0107 )<\/strong><\/em><\/h3>\n<p><!--more-->Posljednji ispra\u0107aj na\u0161e voljene pokojnice biti \u0107e u ponedjeljak 01.07.2024. godine u 16,00 sati iz Komemorativnog centra u Kr\u0161anu na mjesno groblje.<\/p>\n<p><em><strong>O\u017ealo\u0161\u0107eni:&nbsp;<\/strong><\/em>sinovi VLADO, NINO i PINO, nevjeste NEVIJA, MILENA i DORIS, unuci SNJE\u017dANA, INES, IVAN, SANJIN, MARTINA, DORIJAN, LUCIJA i MAGDALENA, praunuci RAFAEL, NIKA, ENA, ANJA, FIONA i MIKEL, sestra MARICA sa familijom, te ostala tuguju\u0107a rodbina.<\/p>\n","protected":false},"excerpt":{"rendered":"<p>S tugom u srcu javljamo rodbini, prijateljima i znancima da nas je u petak 28.06.2024. godine u 94- oj godini \u017eivota napustila na\u0161a voljena OLGA&nbsp; &nbsp; &nbsp;BURUL ( ro\u0111. Na\u010dinovi\u0107 )<\/p>\n","protected":false},"author":3,"featured_media":21928,"comment_status":"closed","ping_status":"closed","sticky":false,"template":"","format":"standard","meta":[],"categories":[3],"tags":[],"_links":{"self":[{"href":"https:\/\/prvimaj.hr\/index.php?rest_route=\/wp\/v2\/posts\/21927"}],"collection":[{"href":"https:\/\/prvimaj.hr\/index.php?rest_route=\/wp\/v2\/posts"}],"about":[{"href":"https:\/\/prvimaj.hr\/index.php?rest_route=\/wp\/v2\/types\/post"}],"author":[{"embeddable":true,"href":"https:\/\/prvimaj.hr\/index.php?rest_route=\/wp\/v2\/users\/3"}],"replies":[{"embeddable":true,"href":"https:\/\/prvimaj.hr\/index.php?rest_route=%2Fwp%2Fv2%2Fcomments&post=21927"}],"version-history":[{"count":2,"href":"https:\/\/prvimaj.hr\/index.php?rest_route=\/wp\/v2\/posts\/21927\/revisions"}],"predecessor-version":[{"id":21930,"href":"https:\/\/prvimaj.hr\/index.php?rest_route=\/wp\/v2\/posts\/21927\/revisions\/21930"}],"wp:featuredmedia":[{"embeddable":true,"href":"https:\/\/prvimaj.hr\/index.php?rest_route=\/wp\/v2\/media\/21928"}],"wp:attachment":[{"href":"https:\/\/prvimaj.hr\/index.php?rest_route=%2Fwp%2Fv2%2Fmedia&parent=21927"}],"wp:term":[{"taxonomy":"category","embeddable":true,"href":"https:\/\/prvimaj.hr\/index.php?rest_route=%2Fwp%2Fv2%2Fcategories&post=21927"},{"taxonomy":"post_tag","embeddable":true,"href":"https:\/\/prvimaj.hr\/index.php?rest_route=%2Fwp%2Fv2%2Ftags&post=21927"}],"curies":[{"name":"wp","href":"https:\/\/api.w.org\/{rel}","templated":true}]}}