{"id":21969,"date":"2024-07-08T08:42:16","date_gmt":"2024-07-08T07:42:16","guid":{"rendered":"https:\/\/prvimaj.hr\/?p=21969"},"modified":"2024-07-11T09:48:54","modified_gmt":"2024-07-11T08:48:54","slug":"milko-sumberac","status":"publish","type":"post","link":"https:\/\/prvimaj.hr\/?p=21969","title":{"rendered":"Milko \u0160umberac"},"content":{"rendered":"<p>S tugom u srcu javljamo rodbini, prijateljima i znancima da nas je u subotu 06.07.2024. godine u 84- oj godini \u017eivota napustio na\u0161 voljeni<\/p>\n<h2 style=\"text-align: center\"><em><strong>MILKO&nbsp; &nbsp; \u0160UMBERAC<\/strong><\/em><\/h2>\n<h3 style=\"text-align: center\"><em><strong>( Luki\u0107 iz Kraj Drage )<\/strong><\/em><\/h3>\n<p><!--more-->Posljednji ispra\u0107aj na\u0161eg voljenog pokojnika biti \u0107e u utorak 09.07.2024. godine u 16,00 sati iz Komemorativnog centra u Sv. Nedjelji &#8211; Nede\u0161\u0107ini na mjesno groblje.<\/p>\n<p><em><strong>O\u017ealo\u0161\u0107eni:&nbsp;<\/strong><\/em>sin EMIL, k\u0107erke ELVIRA, TATJANA i DANIJELA, zet VALDI, unuci DORIJAN, ANTONIA i IVA , bra\u0107a MIRO, \u0110ANI, PINO i SRE\u010cKO, kunjade ANJE\u017dE, LORENA PALMIRA i LJILJANA, ne\u0107aci i ne\u0107akinje, te ostala tuguju\u0107a rodbina.<\/p>\n<h3 style=\"text-align: center\"><em><strong>&nbsp;<\/strong><\/em><\/h3>\n<p><!--more--><\/p>\n","protected":false},"excerpt":{"rendered":"<p>S tugom u srcu javljamo rodbini, prijateljima i znancima da nas je u subotu 06.07.2024. godine u 84- oj godini \u017eivota napustio na\u0161 voljeni MILKO&nbsp; &nbsp; \u0160UMBERAC ( Luki\u0107 iz Kraj Drage )<\/p>\n","protected":false},"author":3,"featured_media":21971,"comment_status":"closed","ping_status":"closed","sticky":false,"template":"","format":"standard","meta":[],"categories":[3],"tags":[],"_links":{"self":[{"href":"https:\/\/prvimaj.hr\/index.php?rest_route=\/wp\/v2\/posts\/21969"}],"collection":[{"href":"https:\/\/prvimaj.hr\/index.php?rest_route=\/wp\/v2\/posts"}],"about":[{"href":"https:\/\/prvimaj.hr\/index.php?rest_route=\/wp\/v2\/types\/post"}],"author":[{"embeddable":true,"href":"https:\/\/prvimaj.hr\/index.php?rest_route=\/wp\/v2\/users\/3"}],"replies":[{"embeddable":true,"href":"https:\/\/prvimaj.hr\/index.php?rest_route=%2Fwp%2Fv2%2Fcomments&post=21969"}],"version-history":[{"count":4,"href":"https:\/\/prvimaj.hr\/index.php?rest_route=\/wp\/v2\/posts\/21969\/revisions"}],"predecessor-version":[{"id":21983,"href":"https:\/\/prvimaj.hr\/index.php?rest_route=\/wp\/v2\/posts\/21969\/revisions\/21983"}],"wp:featuredmedia":[{"embeddable":true,"href":"https:\/\/prvimaj.hr\/index.php?rest_route=\/wp\/v2\/media\/21971"}],"wp:attachment":[{"href":"https:\/\/prvimaj.hr\/index.php?rest_route=%2Fwp%2Fv2%2Fmedia&parent=21969"}],"wp:term":[{"taxonomy":"category","embeddable":true,"href":"https:\/\/prvimaj.hr\/index.php?rest_route=%2Fwp%2Fv2%2Fcategories&post=21969"},{"taxonomy":"post_tag","embeddable":true,"href":"https:\/\/prvimaj.hr\/index.php?rest_route=%2Fwp%2Fv2%2Ftags&post=21969"}],"curies":[{"name":"wp","href":"https:\/\/api.w.org\/{rel}","templated":true}]}}