{"id":21997,"date":"2024-07-15T10:57:34","date_gmt":"2024-07-15T09:57:34","guid":{"rendered":"https:\/\/prvimaj.hr\/?p=21997"},"modified":"2024-07-15T10:57:46","modified_gmt":"2024-07-15T09:57:46","slug":"bruno-cernjul","status":"publish","type":"post","link":"https:\/\/prvimaj.hr\/?p=21997","title":{"rendered":"Bruno  \u010cernjul"},"content":{"rendered":"<p>Tu\u017enim srcem javljamo rodbini, prijateljima i znancima da nas je u ponedjeljak 15.07.2024. godine u 75. godini \u017eivota napustio na\u0161 voljeni<\/p>\n<h2 style=\"text-align: center\"><strong><em>BRUNO&nbsp; &nbsp; \u010cERNJUL<\/em><\/strong><\/h2>\n<h3 style=\"text-align: center\"><strong><em>( iz Nede\u0161\u0107ine )<\/em><\/strong><\/h3>\n<p><!--more--><\/p>\n<p>Posljednji ispra\u0107aj na\u0161eg voljenog pokojnika biti \u0107e u utorak 16.07.2024. godine u krugu obitelji iz Komemorativnog centra u Sv.Nedelji &#8211; Nede\u0161\u0107ini na mjesno groblje.<\/p>\n<p><strong><em>O\u017ealo\u0161\u0107eni:&nbsp;<\/em><\/strong>sestra ADRIJANA, kunjado LU\u010cANO, ne\u0107akinja TABITA s obitelji, te ostala tuguju\u0107a rodbina.<\/p>\n","protected":false},"excerpt":{"rendered":"<p>Tu\u017enim srcem javljamo rodbini, prijateljima i znancima da nas je u ponedjeljak 15.07.2024. godine u 75. godini \u017eivota napustio na\u0161 voljeni BRUNO&nbsp; &nbsp; \u010cERNJUL ( iz Nede\u0161\u0107ine )<\/p>\n","protected":false},"author":3,"featured_media":21996,"comment_status":"closed","ping_status":"closed","sticky":false,"template":"","format":"standard","meta":[],"categories":[3],"tags":[],"_links":{"self":[{"href":"https:\/\/prvimaj.hr\/index.php?rest_route=\/wp\/v2\/posts\/21997"}],"collection":[{"href":"https:\/\/prvimaj.hr\/index.php?rest_route=\/wp\/v2\/posts"}],"about":[{"href":"https:\/\/prvimaj.hr\/index.php?rest_route=\/wp\/v2\/types\/post"}],"author":[{"embeddable":true,"href":"https:\/\/prvimaj.hr\/index.php?rest_route=\/wp\/v2\/users\/3"}],"replies":[{"embeddable":true,"href":"https:\/\/prvimaj.hr\/index.php?rest_route=%2Fwp%2Fv2%2Fcomments&post=21997"}],"version-history":[{"count":2,"href":"https:\/\/prvimaj.hr\/index.php?rest_route=\/wp\/v2\/posts\/21997\/revisions"}],"predecessor-version":[{"id":21999,"href":"https:\/\/prvimaj.hr\/index.php?rest_route=\/wp\/v2\/posts\/21997\/revisions\/21999"}],"wp:featuredmedia":[{"embeddable":true,"href":"https:\/\/prvimaj.hr\/index.php?rest_route=\/wp\/v2\/media\/21996"}],"wp:attachment":[{"href":"https:\/\/prvimaj.hr\/index.php?rest_route=%2Fwp%2Fv2%2Fmedia&parent=21997"}],"wp:term":[{"taxonomy":"category","embeddable":true,"href":"https:\/\/prvimaj.hr\/index.php?rest_route=%2Fwp%2Fv2%2Fcategories&post=21997"},{"taxonomy":"post_tag","embeddable":true,"href":"https:\/\/prvimaj.hr\/index.php?rest_route=%2Fwp%2Fv2%2Ftags&post=21997"}],"curies":[{"name":"wp","href":"https:\/\/api.w.org\/{rel}","templated":true}]}}