{"id":22001,"date":"2024-07-16T13:18:28","date_gmt":"2024-07-16T12:18:28","guid":{"rendered":"https:\/\/prvimaj.hr\/?p=22001"},"modified":"2024-07-16T13:18:40","modified_gmt":"2024-07-16T12:18:40","slug":"mina-mulavdic","status":"publish","type":"post","link":"https:\/\/prvimaj.hr\/?p=22001","title":{"rendered":"Mina  Mulavdi\u0107"},"content":{"rendered":"<p>S tugom u srcu javljamo rodbini, prijateljima i znancima \u017ealosnu vijest da je na\u0161a rahmetli<\/p>\n<h2 style=\"text-align: center\"><strong><em>MINA&nbsp; &nbsp; &nbsp;MULAVDI\u0106<\/em><\/strong><\/h2>\n<h3 style=\"text-align: center\"><strong><em>( iz Krapna )<\/em><\/strong><\/h3>\n<p><!--more--><\/p>\n<p>preselila na ahiret u ponedjeljak 15.07.2024. godine u 72. godini \u017eivota. D\u017eenaza \u0107e krenuti u srijedu 17.07.2024. godine u 16,00 sati iz Komemorativnog centra u Labinu na gradsko groblje.<\/p>\n<p><em><strong>O\u017ealo\u0161\u0107eni:&nbsp;<\/strong><\/em>sinovi ELVEDIN i ELDIN, snahe MATEJA i EDINA, unuci IAN i ELA, bra\u0107a MUHAMED, \u0160UKRIJA, sestre FATIMA i D\u017dEMILA sa familijama, te ostala tuguju\u0107a rodbina.<\/p>\n","protected":false},"excerpt":{"rendered":"<p>S tugom u srcu javljamo rodbini, prijateljima i znancima \u017ealosnu vijest da je na\u0161a rahmetli MINA&nbsp; &nbsp; &nbsp;MULAVDI\u0106 ( iz Krapna )<\/p>\n","protected":false},"author":3,"featured_media":22000,"comment_status":"closed","ping_status":"closed","sticky":false,"template":"","format":"standard","meta":[],"categories":[3],"tags":[],"_links":{"self":[{"href":"https:\/\/prvimaj.hr\/index.php?rest_route=\/wp\/v2\/posts\/22001"}],"collection":[{"href":"https:\/\/prvimaj.hr\/index.php?rest_route=\/wp\/v2\/posts"}],"about":[{"href":"https:\/\/prvimaj.hr\/index.php?rest_route=\/wp\/v2\/types\/post"}],"author":[{"embeddable":true,"href":"https:\/\/prvimaj.hr\/index.php?rest_route=\/wp\/v2\/users\/3"}],"replies":[{"embeddable":true,"href":"https:\/\/prvimaj.hr\/index.php?rest_route=%2Fwp%2Fv2%2Fcomments&post=22001"}],"version-history":[{"count":2,"href":"https:\/\/prvimaj.hr\/index.php?rest_route=\/wp\/v2\/posts\/22001\/revisions"}],"predecessor-version":[{"id":22003,"href":"https:\/\/prvimaj.hr\/index.php?rest_route=\/wp\/v2\/posts\/22001\/revisions\/22003"}],"wp:featuredmedia":[{"embeddable":true,"href":"https:\/\/prvimaj.hr\/index.php?rest_route=\/wp\/v2\/media\/22000"}],"wp:attachment":[{"href":"https:\/\/prvimaj.hr\/index.php?rest_route=%2Fwp%2Fv2%2Fmedia&parent=22001"}],"wp:term":[{"taxonomy":"category","embeddable":true,"href":"https:\/\/prvimaj.hr\/index.php?rest_route=%2Fwp%2Fv2%2Fcategories&post=22001"},{"taxonomy":"post_tag","embeddable":true,"href":"https:\/\/prvimaj.hr\/index.php?rest_route=%2Fwp%2Fv2%2Ftags&post=22001"}],"curies":[{"name":"wp","href":"https:\/\/api.w.org\/{rel}","templated":true}]}}