{"id":22010,"date":"2024-07-16T13:27:18","date_gmt":"2024-07-16T12:27:18","guid":{"rendered":"https:\/\/prvimaj.hr\/?p=22010"},"modified":"2024-07-16T13:27:31","modified_gmt":"2024-07-16T12:27:31","slug":"alda-fornazar","status":"publish","type":"post","link":"https:\/\/prvimaj.hr\/?p=22010","title":{"rendered":"Alda  Forna\u017ear"},"content":{"rendered":"<p>S tugom u srcu javljamo rodbini, prijateljima i znancima da nas je u \u010detvrtak 11.07.2024. godine napustila na\u0161a voljena<\/p>\n<h2 style=\"text-align: center\"><strong><em>ALDA&nbsp; &nbsp; FORNA\u017dAR<\/em><\/strong><\/h2>\n<h3 style=\"text-align: center\"><strong><em>( ro\u0111. Per\u0161i\u0107 iz Kr\u0161ana )<\/em><\/strong><\/h3>\n<p><!--more--><\/p>\n<p>Posljednji ispra\u0107aj na\u0161e voljene pokojnice biti \u0107e u \u010detvrtak 18.07.2024. godine u 16,00 sati iz Komemorativnog centra u Kr\u0161anu na mjesno groblje.<\/p>\n<p><em><strong>O\u017ealo\u0161\u0107eni:&nbsp;<\/strong><\/em>sestre \u0110ULIJANA, RINA i DESANKA, kunjado FRANC, ne\u0107aci i ne\u0107akinje sa familijama, te ostala tuguju\u0107a rodbina.<\/p>\n\n\n<p><\/p>\n","protected":false},"excerpt":{"rendered":"<p>S tugom u srcu javljamo rodbini, prijateljima i znancima da nas je u \u010detvrtak 11.07.2024. godine napustila na\u0161a voljena ALDA&nbsp; &nbsp; FORNA\u017dAR ( ro\u0111. Per\u0161i\u0107 iz Kr\u0161ana )<\/p>\n","protected":false},"author":3,"featured_media":22009,"comment_status":"closed","ping_status":"closed","sticky":false,"template":"","format":"standard","meta":[],"categories":[3],"tags":[],"_links":{"self":[{"href":"https:\/\/prvimaj.hr\/index.php?rest_route=\/wp\/v2\/posts\/22010"}],"collection":[{"href":"https:\/\/prvimaj.hr\/index.php?rest_route=\/wp\/v2\/posts"}],"about":[{"href":"https:\/\/prvimaj.hr\/index.php?rest_route=\/wp\/v2\/types\/post"}],"author":[{"embeddable":true,"href":"https:\/\/prvimaj.hr\/index.php?rest_route=\/wp\/v2\/users\/3"}],"replies":[{"embeddable":true,"href":"https:\/\/prvimaj.hr\/index.php?rest_route=%2Fwp%2Fv2%2Fcomments&post=22010"}],"version-history":[{"count":2,"href":"https:\/\/prvimaj.hr\/index.php?rest_route=\/wp\/v2\/posts\/22010\/revisions"}],"predecessor-version":[{"id":22012,"href":"https:\/\/prvimaj.hr\/index.php?rest_route=\/wp\/v2\/posts\/22010\/revisions\/22012"}],"wp:featuredmedia":[{"embeddable":true,"href":"https:\/\/prvimaj.hr\/index.php?rest_route=\/wp\/v2\/media\/22009"}],"wp:attachment":[{"href":"https:\/\/prvimaj.hr\/index.php?rest_route=%2Fwp%2Fv2%2Fmedia&parent=22010"}],"wp:term":[{"taxonomy":"category","embeddable":true,"href":"https:\/\/prvimaj.hr\/index.php?rest_route=%2Fwp%2Fv2%2Fcategories&post=22010"},{"taxonomy":"post_tag","embeddable":true,"href":"https:\/\/prvimaj.hr\/index.php?rest_route=%2Fwp%2Fv2%2Ftags&post=22010"}],"curies":[{"name":"wp","href":"https:\/\/api.w.org\/{rel}","templated":true}]}}