{"id":22015,"date":"2024-07-18T07:35:00","date_gmt":"2024-07-18T06:35:00","guid":{"rendered":"https:\/\/prvimaj.hr\/?p=22015"},"modified":"2024-07-18T07:35:16","modified_gmt":"2024-07-18T06:35:16","slug":"maria-licul-2","status":"publish","type":"post","link":"https:\/\/prvimaj.hr\/?p=22015","title":{"rendered":"Maria  Licul"},"content":{"rendered":"<p>U dubokoj boli javljamo rodbini, prijateljima i znancima da nas je u srijedu 17.07.2024. godine u 90. godini \u017eivota napustila na\u0161a voljena<\/p>\n<h2 style=\"text-align: center\"><strong><em>MARIA&nbsp; &nbsp; LICUL<\/em><\/strong><\/h2>\n<p><!--more--><\/p>\n<p>Posljednji ispra\u0107aj na\u0161e voljene pokojnice biti \u0107e u petak 19.07.2024. godine u 16,00 sati iz Komemorativnog centra u \u0160umberu na mjesno groblje.<\/p>\n<p><strong><em>O\u017ealo\u0161\u0107eni: <\/em><\/strong>sinovi ZDENKO i NEVIO, nevjeste SUZANA i ROBERTA, unuci MAURO s IVANOM, PETRA, ENCO i MASIMO, kunjadi ROMANO, RIKO i kunjada LINA sa familijama, te ostala tuguju\u0107a rodbina.<\/p>\n\n\n<p><\/p>\n","protected":false},"excerpt":{"rendered":"<p>U dubokoj boli javljamo rodbini, prijateljima i znancima da nas je u srijedu 17.07.2024. godine u 90. godini \u017eivota napustila na\u0161a voljena MARIA&nbsp; &nbsp; LICUL<\/p>\n","protected":false},"author":3,"featured_media":22014,"comment_status":"closed","ping_status":"closed","sticky":false,"template":"","format":"standard","meta":[],"categories":[3],"tags":[],"_links":{"self":[{"href":"https:\/\/prvimaj.hr\/index.php?rest_route=\/wp\/v2\/posts\/22015"}],"collection":[{"href":"https:\/\/prvimaj.hr\/index.php?rest_route=\/wp\/v2\/posts"}],"about":[{"href":"https:\/\/prvimaj.hr\/index.php?rest_route=\/wp\/v2\/types\/post"}],"author":[{"embeddable":true,"href":"https:\/\/prvimaj.hr\/index.php?rest_route=\/wp\/v2\/users\/3"}],"replies":[{"embeddable":true,"href":"https:\/\/prvimaj.hr\/index.php?rest_route=%2Fwp%2Fv2%2Fcomments&post=22015"}],"version-history":[{"count":2,"href":"https:\/\/prvimaj.hr\/index.php?rest_route=\/wp\/v2\/posts\/22015\/revisions"}],"predecessor-version":[{"id":22017,"href":"https:\/\/prvimaj.hr\/index.php?rest_route=\/wp\/v2\/posts\/22015\/revisions\/22017"}],"wp:featuredmedia":[{"embeddable":true,"href":"https:\/\/prvimaj.hr\/index.php?rest_route=\/wp\/v2\/media\/22014"}],"wp:attachment":[{"href":"https:\/\/prvimaj.hr\/index.php?rest_route=%2Fwp%2Fv2%2Fmedia&parent=22015"}],"wp:term":[{"taxonomy":"category","embeddable":true,"href":"https:\/\/prvimaj.hr\/index.php?rest_route=%2Fwp%2Fv2%2Fcategories&post=22015"},{"taxonomy":"post_tag","embeddable":true,"href":"https:\/\/prvimaj.hr\/index.php?rest_route=%2Fwp%2Fv2%2Ftags&post=22015"}],"curies":[{"name":"wp","href":"https:\/\/api.w.org\/{rel}","templated":true}]}}