{"id":22067,"date":"2024-07-30T12:13:04","date_gmt":"2024-07-30T11:13:04","guid":{"rendered":"https:\/\/prvimaj.hr\/?p=22067"},"modified":"2024-07-30T12:13:17","modified_gmt":"2024-07-30T11:13:17","slug":"nikola-miskulin","status":"publish","type":"post","link":"https:\/\/prvimaj.hr\/?p=22067","title":{"rendered":"Nikola  Mi\u0161kulin"},"content":{"rendered":"<p>U dubokoj boli javljamo rodbini, prijateljima i znancima da nas je u utorak 30.07.2024. godine u 90. godini \u017eivota napustio na\u0161 voljeni<\/p>\n<h2 style=\"text-align: center\"><strong><em>NIKOLA&nbsp; &nbsp; &nbsp;MI\u0160KULIN<\/em><\/strong><\/h2>\n<h3 style=\"text-align: center\"><strong><em>( iz Koroma\u010dna )<\/em><\/strong><\/h3>\n<p><!--more--><\/p>\n<p>Posljednji ispra\u0107aj na\u0161eg voljenog pokojnika biti \u0107e u \u010detvrtak 01.08.2024. godine u 16,00 sati iz Komemorativnog centra u Sv.Lovre\u010du Labinskom &#8211; Dimini\u0107i na mjesno groblje.<\/p>\n<p><strong><em>O\u017ealo\u0161\u0107eni:&nbsp;<\/em><\/strong>k\u0107erke MARIJA i ZORA, unuci NIKOLA sa SANJOM, VLADIMIRA s DRAGANOM, praunuke MARIJA i LEA, bra\u0107a IVA, TOMO, setre MARA, MILKA i ZORA sa familijama, ne\u0107aci i ne\u0107akinje sa familijama, te ostala tuguju\u0107a rodbina.<\/p>\n\n\n<p><\/p>\n","protected":false},"excerpt":{"rendered":"<p>U dubokoj boli javljamo rodbini, prijateljima i znancima da nas je u utorak 30.07.2024. godine u 90. godini \u017eivota napustio na\u0161 voljeni NIKOLA&nbsp; &nbsp; &nbsp;MI\u0160KULIN ( iz Koroma\u010dna )<\/p>\n","protected":false},"author":3,"featured_media":22066,"comment_status":"closed","ping_status":"closed","sticky":false,"template":"","format":"standard","meta":[],"categories":[3],"tags":[],"_links":{"self":[{"href":"https:\/\/prvimaj.hr\/index.php?rest_route=\/wp\/v2\/posts\/22067"}],"collection":[{"href":"https:\/\/prvimaj.hr\/index.php?rest_route=\/wp\/v2\/posts"}],"about":[{"href":"https:\/\/prvimaj.hr\/index.php?rest_route=\/wp\/v2\/types\/post"}],"author":[{"embeddable":true,"href":"https:\/\/prvimaj.hr\/index.php?rest_route=\/wp\/v2\/users\/3"}],"replies":[{"embeddable":true,"href":"https:\/\/prvimaj.hr\/index.php?rest_route=%2Fwp%2Fv2%2Fcomments&post=22067"}],"version-history":[{"count":2,"href":"https:\/\/prvimaj.hr\/index.php?rest_route=\/wp\/v2\/posts\/22067\/revisions"}],"predecessor-version":[{"id":22069,"href":"https:\/\/prvimaj.hr\/index.php?rest_route=\/wp\/v2\/posts\/22067\/revisions\/22069"}],"wp:featuredmedia":[{"embeddable":true,"href":"https:\/\/prvimaj.hr\/index.php?rest_route=\/wp\/v2\/media\/22066"}],"wp:attachment":[{"href":"https:\/\/prvimaj.hr\/index.php?rest_route=%2Fwp%2Fv2%2Fmedia&parent=22067"}],"wp:term":[{"taxonomy":"category","embeddable":true,"href":"https:\/\/prvimaj.hr\/index.php?rest_route=%2Fwp%2Fv2%2Fcategories&post=22067"},{"taxonomy":"post_tag","embeddable":true,"href":"https:\/\/prvimaj.hr\/index.php?rest_route=%2Fwp%2Fv2%2Ftags&post=22067"}],"curies":[{"name":"wp","href":"https:\/\/api.w.org\/{rel}","templated":true}]}}