{"id":22113,"date":"2024-08-19T08:09:48","date_gmt":"2024-08-19T07:09:48","guid":{"rendered":"https:\/\/prvimaj.hr\/?p=22113"},"modified":"2024-08-19T08:09:56","modified_gmt":"2024-08-19T07:09:56","slug":"mirko-radovic","status":"publish","type":"post","link":"https:\/\/prvimaj.hr\/?p=22113","title":{"rendered":"Mirko Radovi\u0107"},"content":{"rendered":"<p>S tugom u srcu javljamo rodbini, prijateljima i znancima da nas je u subotu 17.08.2024. godine u 76- oj godini \u017eivota napustio na\u0161 voljeni<\/p>\n<h2 style=\"text-align: center\"><em><strong>MIRKO&nbsp; &nbsp;RADOVI\u0106<\/strong><\/em><\/h2>\n<p><!--more-->Posljednji ispra\u0107aj na\u0161eg voljenog pokojnika biti \u0107e u utorak 20.08.2024. godine u 16,00 sati iz Komemorativnog centra u \u010cepi\u0107u na mjesno groblje.<\/p>\n<p><em><strong>O\u017ealo\u0161\u0107eni:&nbsp;<\/strong><\/em>supruga GRACIJELA, sin GORAN, k\u0107erka ALEMKA, zet GORAN, unuci STRIBOR i SUN\u010cICA, sestra AURELIJA sa familijom, brat ROMEO sa familijom, kunjada VESNA sa familijom, kunjado \u0110ANKARLO, te ostala tuguju\u0107a rodbina.<\/p>\n","protected":false},"excerpt":{"rendered":"<p>S tugom u srcu javljamo rodbini, prijateljima i znancima da nas je u subotu 17.08.2024. godine u 76- oj godini \u017eivota napustio na\u0161 voljeni MIRKO&nbsp; &nbsp;RADOVI\u0106<\/p>\n","protected":false},"author":3,"featured_media":22114,"comment_status":"closed","ping_status":"closed","sticky":false,"template":"","format":"standard","meta":[],"categories":[3],"tags":[],"_links":{"self":[{"href":"https:\/\/prvimaj.hr\/index.php?rest_route=\/wp\/v2\/posts\/22113"}],"collection":[{"href":"https:\/\/prvimaj.hr\/index.php?rest_route=\/wp\/v2\/posts"}],"about":[{"href":"https:\/\/prvimaj.hr\/index.php?rest_route=\/wp\/v2\/types\/post"}],"author":[{"embeddable":true,"href":"https:\/\/prvimaj.hr\/index.php?rest_route=\/wp\/v2\/users\/3"}],"replies":[{"embeddable":true,"href":"https:\/\/prvimaj.hr\/index.php?rest_route=%2Fwp%2Fv2%2Fcomments&post=22113"}],"version-history":[{"count":2,"href":"https:\/\/prvimaj.hr\/index.php?rest_route=\/wp\/v2\/posts\/22113\/revisions"}],"predecessor-version":[{"id":22116,"href":"https:\/\/prvimaj.hr\/index.php?rest_route=\/wp\/v2\/posts\/22113\/revisions\/22116"}],"wp:featuredmedia":[{"embeddable":true,"href":"https:\/\/prvimaj.hr\/index.php?rest_route=\/wp\/v2\/media\/22114"}],"wp:attachment":[{"href":"https:\/\/prvimaj.hr\/index.php?rest_route=%2Fwp%2Fv2%2Fmedia&parent=22113"}],"wp:term":[{"taxonomy":"category","embeddable":true,"href":"https:\/\/prvimaj.hr\/index.php?rest_route=%2Fwp%2Fv2%2Fcategories&post=22113"},{"taxonomy":"post_tag","embeddable":true,"href":"https:\/\/prvimaj.hr\/index.php?rest_route=%2Fwp%2Fv2%2Ftags&post=22113"}],"curies":[{"name":"wp","href":"https:\/\/api.w.org\/{rel}","templated":true}]}}