{"id":22155,"date":"2024-09-07T06:39:35","date_gmt":"2024-09-07T05:39:35","guid":{"rendered":"https:\/\/prvimaj.hr\/?p=22155"},"modified":"2024-09-07T06:39:42","modified_gmt":"2024-09-07T05:39:42","slug":"dani-cekada","status":"publish","type":"post","link":"https:\/\/prvimaj.hr\/?p=22155","title":{"rendered":"\u0110ani \u010cekada"},"content":{"rendered":"<p>S tugom u srcu javljamo rodbini, prijateljima i znancima da nas je u srijedu 04.09.2024. godine u 87- oj godini \u017eivota napustio na\u0161 voljeni<\/p>\n<h2 style=\"text-align: center\"><strong><em>\u0110ANI&nbsp; &nbsp;\u010cEKADA<\/em><\/strong><\/h2>\n<p><!--more-->Posljednji ispra\u0107aj na\u0161eg voljenog pokojnika biti \u0107e u ponedjeljak 09.09.2024. godine u krugu obitelji i prijatelja na mjesnom groblju u Ripendi.<\/p>\n<p><em><strong>Molimo za tihu su\u0107ut.<\/strong><\/em><\/p>\n<p><em><strong>O\u017ealo\u0161\u0107eni:&nbsp;<\/strong><\/em>supruga GRACIJELA, k\u0107erka KARMEN, zet DORIJANO, unuka KARLA s ALEKSANDROM, unuk LEO s IRINOM, njegovi najdra\u017ei praunuci MATIJA, TARA i MATEA, te ostala tuguju\u0107a rodbina.<\/p>\n","protected":false},"excerpt":{"rendered":"<p>S tugom u srcu javljamo rodbini, prijateljima i znancima da nas je u srijedu 04.09.2024. godine u 87- oj godini \u017eivota napustio na\u0161 voljeni \u0110ANI&nbsp; &nbsp;\u010cEKADA<\/p>\n","protected":false},"author":3,"featured_media":22156,"comment_status":"closed","ping_status":"closed","sticky":false,"template":"","format":"standard","meta":[],"categories":[3],"tags":[],"_links":{"self":[{"href":"https:\/\/prvimaj.hr\/index.php?rest_route=\/wp\/v2\/posts\/22155"}],"collection":[{"href":"https:\/\/prvimaj.hr\/index.php?rest_route=\/wp\/v2\/posts"}],"about":[{"href":"https:\/\/prvimaj.hr\/index.php?rest_route=\/wp\/v2\/types\/post"}],"author":[{"embeddable":true,"href":"https:\/\/prvimaj.hr\/index.php?rest_route=\/wp\/v2\/users\/3"}],"replies":[{"embeddable":true,"href":"https:\/\/prvimaj.hr\/index.php?rest_route=%2Fwp%2Fv2%2Fcomments&post=22155"}],"version-history":[{"count":2,"href":"https:\/\/prvimaj.hr\/index.php?rest_route=\/wp\/v2\/posts\/22155\/revisions"}],"predecessor-version":[{"id":22158,"href":"https:\/\/prvimaj.hr\/index.php?rest_route=\/wp\/v2\/posts\/22155\/revisions\/22158"}],"wp:featuredmedia":[{"embeddable":true,"href":"https:\/\/prvimaj.hr\/index.php?rest_route=\/wp\/v2\/media\/22156"}],"wp:attachment":[{"href":"https:\/\/prvimaj.hr\/index.php?rest_route=%2Fwp%2Fv2%2Fmedia&parent=22155"}],"wp:term":[{"taxonomy":"category","embeddable":true,"href":"https:\/\/prvimaj.hr\/index.php?rest_route=%2Fwp%2Fv2%2Fcategories&post=22155"},{"taxonomy":"post_tag","embeddable":true,"href":"https:\/\/prvimaj.hr\/index.php?rest_route=%2Fwp%2Fv2%2Ftags&post=22155"}],"curies":[{"name":"wp","href":"https:\/\/api.w.org\/{rel}","templated":true}]}}