{"id":22197,"date":"2024-09-18T09:15:37","date_gmt":"2024-09-18T08:15:37","guid":{"rendered":"https:\/\/prvimaj.hr\/?p=22197"},"modified":"2024-09-18T09:15:48","modified_gmt":"2024-09-18T08:15:48","slug":"klaudija-faraguna","status":"publish","type":"post","link":"https:\/\/prvimaj.hr\/?p=22197","title":{"rendered":"Klaudija  Faraguna"},"content":{"rendered":"<p>Tu\u017enim srcem javljamo rodbini, prijateljima i znancima da nas je u subotu 14.09.2024. godine u 72. godini \u017eivota napustila na\u0161a voljena<\/p>\n<h2 style=\"text-align: center\"><strong><em>KLAUDIJA&nbsp; &nbsp; FARAGUNA<\/em><\/strong><\/h2>\n<h3 style=\"text-align: center\"><strong><em>( iz Ripende )<\/em><\/strong><\/h3>\n<p><!--more--><\/p>\n<p>Posljednji ispra\u0107aj na\u0161e voljene pokojnice bit \u0107e u \u010detvrtak 19.09.2024. godine u 14,00 sati iz Komemorativnog centra u Labinu na mjesno groblje Ripenda.<\/p>\n<p><em><strong>O\u017ealo\u0161\u0107eni:&nbsp;<\/strong><\/em>mama \u0110ILDA, suprug ZDENKO, k\u0107erke SANJA s DAVOROM, KATJA sa SLOBODANOM i ANGELINOM, brat \u0110ANI s obitelji, te ostala tuguju\u0107a rodbina.<\/p>\n\n\n<p><\/p>\n","protected":false},"excerpt":{"rendered":"<p>Tu\u017enim srcem javljamo rodbini, prijateljima i znancima da nas je u subotu 14.09.2024. godine u 72. godini \u017eivota napustila na\u0161a voljena KLAUDIJA&nbsp; &nbsp; FARAGUNA ( iz Ripende )<\/p>\n","protected":false},"author":3,"featured_media":22196,"comment_status":"closed","ping_status":"closed","sticky":false,"template":"","format":"standard","meta":[],"categories":[3],"tags":[],"_links":{"self":[{"href":"https:\/\/prvimaj.hr\/index.php?rest_route=\/wp\/v2\/posts\/22197"}],"collection":[{"href":"https:\/\/prvimaj.hr\/index.php?rest_route=\/wp\/v2\/posts"}],"about":[{"href":"https:\/\/prvimaj.hr\/index.php?rest_route=\/wp\/v2\/types\/post"}],"author":[{"embeddable":true,"href":"https:\/\/prvimaj.hr\/index.php?rest_route=\/wp\/v2\/users\/3"}],"replies":[{"embeddable":true,"href":"https:\/\/prvimaj.hr\/index.php?rest_route=%2Fwp%2Fv2%2Fcomments&post=22197"}],"version-history":[{"count":2,"href":"https:\/\/prvimaj.hr\/index.php?rest_route=\/wp\/v2\/posts\/22197\/revisions"}],"predecessor-version":[{"id":22199,"href":"https:\/\/prvimaj.hr\/index.php?rest_route=\/wp\/v2\/posts\/22197\/revisions\/22199"}],"wp:featuredmedia":[{"embeddable":true,"href":"https:\/\/prvimaj.hr\/index.php?rest_route=\/wp\/v2\/media\/22196"}],"wp:attachment":[{"href":"https:\/\/prvimaj.hr\/index.php?rest_route=%2Fwp%2Fv2%2Fmedia&parent=22197"}],"wp:term":[{"taxonomy":"category","embeddable":true,"href":"https:\/\/prvimaj.hr\/index.php?rest_route=%2Fwp%2Fv2%2Fcategories&post=22197"},{"taxonomy":"post_tag","embeddable":true,"href":"https:\/\/prvimaj.hr\/index.php?rest_route=%2Fwp%2Fv2%2Ftags&post=22197"}],"curies":[{"name":"wp","href":"https:\/\/api.w.org\/{rel}","templated":true}]}}