{"id":22203,"date":"2024-09-20T07:29:13","date_gmt":"2024-09-20T06:29:13","guid":{"rendered":"https:\/\/prvimaj.hr\/?p=22203"},"modified":"2024-09-20T07:29:28","modified_gmt":"2024-09-20T06:29:28","slug":"ifeta-nisic","status":"publish","type":"post","link":"https:\/\/prvimaj.hr\/?p=22203","title":{"rendered":"Ifeta  Ni\u0161i\u0107"},"content":{"rendered":"<p>S tugom u srcu javljamo svoj rodbini, prijateljima i znancima \u017ealosnu vijest da je na\u0161a rahmetli<\/p>\n<h2 style=\"text-align: center\"><strong><em>IFETA&nbsp; &nbsp; NI\u0160I\u0106<\/em><\/strong><\/h2>\n<h3 style=\"text-align: center\"><strong><em>( iz Ra\u0161e )<\/em><\/strong><\/h3>\n<p><!--more--><\/p>\n<p>preselila na ahiret u \u010detvrtak 19.09.2024. godine u 76. godini \u017eivota. D\u017eenaza \u0107e krenuti u subotu 21.09.2024. godine u 12,00 sati iz Komemorativnog centra u Labinu na gradsko groblje.<\/p>\n<p><em><strong>O\u017ealo\u0161\u0107eni:&nbsp;<\/strong><\/em>sinovi SEAD, SENAD, k\u0107erke SEADA, SENADA i AMELA sa familijama, unuci i praunuci, brat MEHO, sestre \u0160UHRETA i ALIJA sa familijama, te ostala tuguju\u0107a rodbina.<\/p>\n\n\n<p><\/p>\n","protected":false},"excerpt":{"rendered":"<p>S tugom u srcu javljamo svoj rodbini, prijateljima i znancima \u017ealosnu vijest da je na\u0161a rahmetli IFETA&nbsp; &nbsp; NI\u0160I\u0106 ( iz Ra\u0161e )<\/p>\n","protected":false},"author":3,"featured_media":22202,"comment_status":"closed","ping_status":"closed","sticky":false,"template":"","format":"standard","meta":[],"categories":[3],"tags":[],"_links":{"self":[{"href":"https:\/\/prvimaj.hr\/index.php?rest_route=\/wp\/v2\/posts\/22203"}],"collection":[{"href":"https:\/\/prvimaj.hr\/index.php?rest_route=\/wp\/v2\/posts"}],"about":[{"href":"https:\/\/prvimaj.hr\/index.php?rest_route=\/wp\/v2\/types\/post"}],"author":[{"embeddable":true,"href":"https:\/\/prvimaj.hr\/index.php?rest_route=\/wp\/v2\/users\/3"}],"replies":[{"embeddable":true,"href":"https:\/\/prvimaj.hr\/index.php?rest_route=%2Fwp%2Fv2%2Fcomments&post=22203"}],"version-history":[{"count":2,"href":"https:\/\/prvimaj.hr\/index.php?rest_route=\/wp\/v2\/posts\/22203\/revisions"}],"predecessor-version":[{"id":22205,"href":"https:\/\/prvimaj.hr\/index.php?rest_route=\/wp\/v2\/posts\/22203\/revisions\/22205"}],"wp:featuredmedia":[{"embeddable":true,"href":"https:\/\/prvimaj.hr\/index.php?rest_route=\/wp\/v2\/media\/22202"}],"wp:attachment":[{"href":"https:\/\/prvimaj.hr\/index.php?rest_route=%2Fwp%2Fv2%2Fmedia&parent=22203"}],"wp:term":[{"taxonomy":"category","embeddable":true,"href":"https:\/\/prvimaj.hr\/index.php?rest_route=%2Fwp%2Fv2%2Fcategories&post=22203"},{"taxonomy":"post_tag","embeddable":true,"href":"https:\/\/prvimaj.hr\/index.php?rest_route=%2Fwp%2Fv2%2Ftags&post=22203"}],"curies":[{"name":"wp","href":"https:\/\/api.w.org\/{rel}","templated":true}]}}