{"id":22210,"date":"2024-09-22T07:58:27","date_gmt":"2024-09-22T06:58:27","guid":{"rendered":"https:\/\/prvimaj.hr\/?p=22210"},"modified":"2024-09-24T09:11:51","modified_gmt":"2024-09-24T08:11:51","slug":"natale-valentic","status":"publish","type":"post","link":"https:\/\/prvimaj.hr\/?p=22210","title":{"rendered":"Natale Valenti\u0107"},"content":{"rendered":"<p>Tu\u017enim srcem javljamo rodbini, prijateljima i znancima da nas je u subotu 21.09.2024. godine u 96.- oj godini \u017eivota napustio na\u0161 voljeni<\/p>\n<h2 style=\"text-align: center;\"><em><strong>NATALE\u00a0 \u00a0VALENTI\u0106<\/strong><\/em><\/h2>\n<h3 style=\"text-align: center;\"><em><strong>( Bo\u017eo iz Rapca )<\/strong><\/em><\/h3>\n<p><!--more-->Posljednji ispra\u0107aj na\u0161eg voljenog pokojnika biti \u0107e u ponedjeljak 23.09.2024. godine u 15,00 sati na mjesnom groblju Rabac.<\/p>\n<p><em><strong>O\u017ealo\u0161\u0107eni:\u00a0<\/strong><\/em>k\u0107erka GORDANA, zet PINO, unuke PETRA s LEOM i DORIS s RONALDOM, praunuci LUKA, LEONA i LENA, sestre i bra\u0107a sa familijama, te ostala tuguju\u0107a rodbina.<\/p>\n","protected":false},"excerpt":{"rendered":"<p>Tu\u017enim srcem javljamo rodbini, prijateljima i znancima da nas je u subotu 21.09.2024. godine u 96.- oj godini \u017eivota napustio na\u0161 voljeni NATALE\u00a0 \u00a0VALENTI\u0106 ( Bo\u017eo iz Rapca )<\/p>\n","protected":false},"author":3,"featured_media":22211,"comment_status":"closed","ping_status":"closed","sticky":false,"template":"","format":"standard","meta":[],"categories":[3],"tags":[],"_links":{"self":[{"href":"https:\/\/prvimaj.hr\/index.php?rest_route=\/wp\/v2\/posts\/22210"}],"collection":[{"href":"https:\/\/prvimaj.hr\/index.php?rest_route=\/wp\/v2\/posts"}],"about":[{"href":"https:\/\/prvimaj.hr\/index.php?rest_route=\/wp\/v2\/types\/post"}],"author":[{"embeddable":true,"href":"https:\/\/prvimaj.hr\/index.php?rest_route=\/wp\/v2\/users\/3"}],"replies":[{"embeddable":true,"href":"https:\/\/prvimaj.hr\/index.php?rest_route=%2Fwp%2Fv2%2Fcomments&post=22210"}],"version-history":[{"count":3,"href":"https:\/\/prvimaj.hr\/index.php?rest_route=\/wp\/v2\/posts\/22210\/revisions"}],"predecessor-version":[{"id":22230,"href":"https:\/\/prvimaj.hr\/index.php?rest_route=\/wp\/v2\/posts\/22210\/revisions\/22230"}],"wp:featuredmedia":[{"embeddable":true,"href":"https:\/\/prvimaj.hr\/index.php?rest_route=\/wp\/v2\/media\/22211"}],"wp:attachment":[{"href":"https:\/\/prvimaj.hr\/index.php?rest_route=%2Fwp%2Fv2%2Fmedia&parent=22210"}],"wp:term":[{"taxonomy":"category","embeddable":true,"href":"https:\/\/prvimaj.hr\/index.php?rest_route=%2Fwp%2Fv2%2Fcategories&post=22210"},{"taxonomy":"post_tag","embeddable":true,"href":"https:\/\/prvimaj.hr\/index.php?rest_route=%2Fwp%2Fv2%2Ftags&post=22210"}],"curies":[{"name":"wp","href":"https:\/\/api.w.org\/{rel}","templated":true}]}}