{"id":22256,"date":"2024-09-29T08:12:28","date_gmt":"2024-09-29T07:12:28","guid":{"rendered":"https:\/\/prvimaj.hr\/?p=22256"},"modified":"2024-09-29T08:12:35","modified_gmt":"2024-09-29T07:12:35","slug":"zora-kliman","status":"publish","type":"post","link":"https:\/\/prvimaj.hr\/?p=22256","title":{"rendered":"Zora Kliman"},"content":{"rendered":"<p>Tu\u017enim srcem javljamo rodbini, prijateljima i znancima da nas je u subotu 28.09.2024. godine u 76- oj godini \u017eivota napustila na\u0161a voljena<\/p>\n<h2 style=\"text-align: center\"><em><strong>ZORA&nbsp; &nbsp; &nbsp;KLIMAN<\/strong><\/em><\/h2>\n<h3 style=\"text-align: center\"><em><strong>( Zorica iz Labina )<\/strong><\/em><\/h3>\n<p><!--more-->Posljednji ispra\u0107aj na\u0161e voljene pokojnice biti \u0107e u ponedjeljak 30.09.2024. godine u 14,30 sati iz Komemorativnog centra u Labinu na gradsko groblje.<\/p>\n<p><em><strong>O\u017ealo\u0161\u0107eni:&nbsp;<\/strong><\/em>STIPE, sestre i bra\u0107a sa familijama, te ostala tuguju\u0107a rodbina i prijatelji.<\/p>\n\n\n<p><\/p>\n","protected":false},"excerpt":{"rendered":"<p>Tu\u017enim srcem javljamo rodbini, prijateljima i znancima da nas je u subotu 28.09.2024. godine u 76- oj godini \u017eivota napustila na\u0161a voljena ZORA&nbsp; &nbsp; &nbsp;KLIMAN ( Zorica iz Labina )<\/p>\n","protected":false},"author":3,"featured_media":22257,"comment_status":"closed","ping_status":"closed","sticky":false,"template":"","format":"standard","meta":[],"categories":[3],"tags":[],"_links":{"self":[{"href":"https:\/\/prvimaj.hr\/index.php?rest_route=\/wp\/v2\/posts\/22256"}],"collection":[{"href":"https:\/\/prvimaj.hr\/index.php?rest_route=\/wp\/v2\/posts"}],"about":[{"href":"https:\/\/prvimaj.hr\/index.php?rest_route=\/wp\/v2\/types\/post"}],"author":[{"embeddable":true,"href":"https:\/\/prvimaj.hr\/index.php?rest_route=\/wp\/v2\/users\/3"}],"replies":[{"embeddable":true,"href":"https:\/\/prvimaj.hr\/index.php?rest_route=%2Fwp%2Fv2%2Fcomments&post=22256"}],"version-history":[{"count":2,"href":"https:\/\/prvimaj.hr\/index.php?rest_route=\/wp\/v2\/posts\/22256\/revisions"}],"predecessor-version":[{"id":22259,"href":"https:\/\/prvimaj.hr\/index.php?rest_route=\/wp\/v2\/posts\/22256\/revisions\/22259"}],"wp:featuredmedia":[{"embeddable":true,"href":"https:\/\/prvimaj.hr\/index.php?rest_route=\/wp\/v2\/media\/22257"}],"wp:attachment":[{"href":"https:\/\/prvimaj.hr\/index.php?rest_route=%2Fwp%2Fv2%2Fmedia&parent=22256"}],"wp:term":[{"taxonomy":"category","embeddable":true,"href":"https:\/\/prvimaj.hr\/index.php?rest_route=%2Fwp%2Fv2%2Fcategories&post=22256"},{"taxonomy":"post_tag","embeddable":true,"href":"https:\/\/prvimaj.hr\/index.php?rest_route=%2Fwp%2Fv2%2Ftags&post=22256"}],"curies":[{"name":"wp","href":"https:\/\/api.w.org\/{rel}","templated":true}]}}