{"id":22261,"date":"2024-09-30T08:08:36","date_gmt":"2024-09-30T07:08:36","guid":{"rendered":"https:\/\/prvimaj.hr\/?p=22261"},"modified":"2024-09-30T08:08:44","modified_gmt":"2024-09-30T07:08:44","slug":"renata-diminic","status":"publish","type":"post","link":"https:\/\/prvimaj.hr\/?p=22261","title":{"rendered":"Renata Dimini\u0107"},"content":{"rendered":"\n<p><\/p>\n\n\n<p>S tugom u srcu javljamo rodbini, prijateljima i znancima da je u subotu 28.0.2024. godine u 85- oj godini \u017eivota napustila na\u0161a voljena<\/p>\n<h2 style=\"text-align: center\"><em><strong>RENATA&nbsp; &nbsp;DIMINI\u0106<\/strong><\/em><\/h2>\n<h3 style=\"text-align: center\"><em><strong>( ro\u0111. Bastijani\u0107 iz Vine\u017ea )<\/strong><\/em><\/h3>\n<p><!--more-->Posljednji ispra\u0107aj na\u0161e voljene pokojnice biti \u0107e u utorak 01.10.2024. godine u krugu obitelji i prijatelja iz Komemorativnog centra u Labinu na gradsko groblje.<\/p>\n<p><em><strong>Molimo za tihu su\u0107ut.<\/strong><\/em><\/p>\n<p><em><strong>O\u017ealo\u0161\u0107eni:&nbsp;<\/strong><\/em>brat IVANI, kunjada \u0110ANA, ne\u0107aci i ne\u0107akinje sa familijama, te ostala tuguju\u0107a rodbina.<\/p>","protected":false},"excerpt":{"rendered":"<p>S tugom u srcu javljamo rodbini, prijateljima i znancima da je u subotu 28.0.2024. godine u 85- oj godini \u017eivota napustila na\u0161a voljena RENATA&nbsp; &nbsp;DIMINI\u0106 ( ro\u0111. Bastijani\u0107 iz Vine\u017ea )<\/p>\n","protected":false},"author":3,"featured_media":22262,"comment_status":"closed","ping_status":"closed","sticky":false,"template":"","format":"standard","meta":[],"categories":[3],"tags":[],"_links":{"self":[{"href":"https:\/\/prvimaj.hr\/index.php?rest_route=\/wp\/v2\/posts\/22261"}],"collection":[{"href":"https:\/\/prvimaj.hr\/index.php?rest_route=\/wp\/v2\/posts"}],"about":[{"href":"https:\/\/prvimaj.hr\/index.php?rest_route=\/wp\/v2\/types\/post"}],"author":[{"embeddable":true,"href":"https:\/\/prvimaj.hr\/index.php?rest_route=\/wp\/v2\/users\/3"}],"replies":[{"embeddable":true,"href":"https:\/\/prvimaj.hr\/index.php?rest_route=%2Fwp%2Fv2%2Fcomments&post=22261"}],"version-history":[{"count":2,"href":"https:\/\/prvimaj.hr\/index.php?rest_route=\/wp\/v2\/posts\/22261\/revisions"}],"predecessor-version":[{"id":22264,"href":"https:\/\/prvimaj.hr\/index.php?rest_route=\/wp\/v2\/posts\/22261\/revisions\/22264"}],"wp:featuredmedia":[{"embeddable":true,"href":"https:\/\/prvimaj.hr\/index.php?rest_route=\/wp\/v2\/media\/22262"}],"wp:attachment":[{"href":"https:\/\/prvimaj.hr\/index.php?rest_route=%2Fwp%2Fv2%2Fmedia&parent=22261"}],"wp:term":[{"taxonomy":"category","embeddable":true,"href":"https:\/\/prvimaj.hr\/index.php?rest_route=%2Fwp%2Fv2%2Fcategories&post=22261"},{"taxonomy":"post_tag","embeddable":true,"href":"https:\/\/prvimaj.hr\/index.php?rest_route=%2Fwp%2Fv2%2Ftags&post=22261"}],"curies":[{"name":"wp","href":"https:\/\/api.w.org\/{rel}","templated":true}]}}