{"id":22266,"date":"2024-10-01T06:19:07","date_gmt":"2024-10-01T05:19:07","guid":{"rendered":"https:\/\/prvimaj.hr\/?p=22266"},"modified":"2024-10-01T06:19:21","modified_gmt":"2024-10-01T05:19:21","slug":"zeljko-husar","status":"publish","type":"post","link":"https:\/\/prvimaj.hr\/?p=22266","title":{"rendered":"\u017deljko  Husar"},"content":{"rendered":"<p>Tu\u017ena srca javljamo rodbini, prijateljima i znancima da nas je u ponedjeljak 23.09.2024. godine u 72. godini \u017eivota napustio na\u0161 voljeni<\/p>\n<h2 style=\"text-align: center\"><strong><em>\u017dELJKO&nbsp; &nbsp; &nbsp;HUSAR<\/em><\/strong><\/h2>\n<h3 style=\"text-align: center\"><em><strong>( iz Plomina )<\/strong><\/em><\/h3>\n<p><!--more--><\/p>\n<p>Posljednji ispra\u0107aj na\u0161eg voljenog pokojnika biti \u0107e u srijedu 02.10.2024. godine u 14,00 sati iz Komemorativnog centra u Plominu na mjesno groblje.<\/p>\n<p><strong><em>O\u017ealo\u0161\u0107ena obitelj, rodbina i znanci<\/em><\/strong><\/p>\n\n\n<p><\/p>\n","protected":false},"excerpt":{"rendered":"<p>Tu\u017ena srca javljamo rodbini, prijateljima i znancima da nas je u ponedjeljak 23.09.2024. godine u 72. godini \u017eivota napustio na\u0161 voljeni \u017dELJKO&nbsp; &nbsp; &nbsp;HUSAR ( iz Plomina )<\/p>\n","protected":false},"author":3,"featured_media":22265,"comment_status":"closed","ping_status":"closed","sticky":false,"template":"","format":"standard","meta":[],"categories":[3],"tags":[],"_links":{"self":[{"href":"https:\/\/prvimaj.hr\/index.php?rest_route=\/wp\/v2\/posts\/22266"}],"collection":[{"href":"https:\/\/prvimaj.hr\/index.php?rest_route=\/wp\/v2\/posts"}],"about":[{"href":"https:\/\/prvimaj.hr\/index.php?rest_route=\/wp\/v2\/types\/post"}],"author":[{"embeddable":true,"href":"https:\/\/prvimaj.hr\/index.php?rest_route=\/wp\/v2\/users\/3"}],"replies":[{"embeddable":true,"href":"https:\/\/prvimaj.hr\/index.php?rest_route=%2Fwp%2Fv2%2Fcomments&post=22266"}],"version-history":[{"count":2,"href":"https:\/\/prvimaj.hr\/index.php?rest_route=\/wp\/v2\/posts\/22266\/revisions"}],"predecessor-version":[{"id":22268,"href":"https:\/\/prvimaj.hr\/index.php?rest_route=\/wp\/v2\/posts\/22266\/revisions\/22268"}],"wp:featuredmedia":[{"embeddable":true,"href":"https:\/\/prvimaj.hr\/index.php?rest_route=\/wp\/v2\/media\/22265"}],"wp:attachment":[{"href":"https:\/\/prvimaj.hr\/index.php?rest_route=%2Fwp%2Fv2%2Fmedia&parent=22266"}],"wp:term":[{"taxonomy":"category","embeddable":true,"href":"https:\/\/prvimaj.hr\/index.php?rest_route=%2Fwp%2Fv2%2Fcategories&post=22266"},{"taxonomy":"post_tag","embeddable":true,"href":"https:\/\/prvimaj.hr\/index.php?rest_route=%2Fwp%2Fv2%2Ftags&post=22266"}],"curies":[{"name":"wp","href":"https:\/\/api.w.org\/{rel}","templated":true}]}}