{"id":22273,"date":"2024-10-02T09:17:53","date_gmt":"2024-10-02T08:17:53","guid":{"rendered":"https:\/\/prvimaj.hr\/?p=22273"},"modified":"2024-10-02T09:18:01","modified_gmt":"2024-10-02T08:18:01","slug":"evelin-ajkic","status":"publish","type":"post","link":"https:\/\/prvimaj.hr\/?p=22273","title":{"rendered":"Evelin Ajki\u0107"},"content":{"rendered":"<p>S tugom u srcu javljamo svoj rodbini, prijateljima i znancima \u017ealosnu vijest da je na\u0161 rahmetli<\/p>\n<h2 style=\"text-align: center\"><em><strong>EVELIN&nbsp; &nbsp;AJKI\u0106<\/strong><\/em><\/h2>\n<h3 style=\"text-align: center\"><em><strong>( iz Labina )<\/strong><\/em><\/h3>\n<p><!--more-->preselio na ahiret u utorak 01.10.2024. godine u 59- oj godini \u017eivota. D\u017eenaza \u0107e krenuti u \u010detvrtak 03.10.2024. godine u 15,00 sati iz Komemorativnog centra u Labinu na gradsko groblje.<\/p>\n<p><em><strong>O\u017ealo\u0161\u0107eni:&nbsp;<\/strong><\/em>supruga SEHIJA, obitelj HAIRLAKOVI\u0106, obitelj HAMULI\u0106, brati\u0107i, te ostala mnogobrojna tuguju\u0107a rodbina i prijatelji.<\/p>\n","protected":false},"excerpt":{"rendered":"<p>S tugom u srcu javljamo svoj rodbini, prijateljima i znancima \u017ealosnu vijest da je na\u0161 rahmetli EVELIN&nbsp; &nbsp;AJKI\u0106 ( iz Labina )<\/p>\n","protected":false},"author":3,"featured_media":22274,"comment_status":"closed","ping_status":"closed","sticky":false,"template":"","format":"standard","meta":[],"categories":[3],"tags":[],"_links":{"self":[{"href":"https:\/\/prvimaj.hr\/index.php?rest_route=\/wp\/v2\/posts\/22273"}],"collection":[{"href":"https:\/\/prvimaj.hr\/index.php?rest_route=\/wp\/v2\/posts"}],"about":[{"href":"https:\/\/prvimaj.hr\/index.php?rest_route=\/wp\/v2\/types\/post"}],"author":[{"embeddable":true,"href":"https:\/\/prvimaj.hr\/index.php?rest_route=\/wp\/v2\/users\/3"}],"replies":[{"embeddable":true,"href":"https:\/\/prvimaj.hr\/index.php?rest_route=%2Fwp%2Fv2%2Fcomments&post=22273"}],"version-history":[{"count":2,"href":"https:\/\/prvimaj.hr\/index.php?rest_route=\/wp\/v2\/posts\/22273\/revisions"}],"predecessor-version":[{"id":22276,"href":"https:\/\/prvimaj.hr\/index.php?rest_route=\/wp\/v2\/posts\/22273\/revisions\/22276"}],"wp:featuredmedia":[{"embeddable":true,"href":"https:\/\/prvimaj.hr\/index.php?rest_route=\/wp\/v2\/media\/22274"}],"wp:attachment":[{"href":"https:\/\/prvimaj.hr\/index.php?rest_route=%2Fwp%2Fv2%2Fmedia&parent=22273"}],"wp:term":[{"taxonomy":"category","embeddable":true,"href":"https:\/\/prvimaj.hr\/index.php?rest_route=%2Fwp%2Fv2%2Fcategories&post=22273"},{"taxonomy":"post_tag","embeddable":true,"href":"https:\/\/prvimaj.hr\/index.php?rest_route=%2Fwp%2Fv2%2Ftags&post=22273"}],"curies":[{"name":"wp","href":"https:\/\/api.w.org\/{rel}","templated":true}]}}