{"id":22289,"date":"2024-10-04T06:15:21","date_gmt":"2024-10-04T05:15:21","guid":{"rendered":"https:\/\/prvimaj.hr\/?p=22289"},"modified":"2024-10-04T06:15:38","modified_gmt":"2024-10-04T05:15:38","slug":"albina-dobric-2","status":"publish","type":"post","link":"https:\/\/prvimaj.hr\/?p=22289","title":{"rendered":"Albina  Dobri\u0107"},"content":{"rendered":"<p>S tugom u srcu javljamo rodbini, prijateljima i znancima da nas je u \u010detvrtak 03.10.2024. godine u 93. godini \u017eivota napustila na\u0161a voljena<\/p>\n<h1 style=\"text-align: center\"><strong><em>ALBINA&nbsp; &nbsp; DOBRI\u0106<\/em><\/strong><\/h1>\n<h3 style=\"text-align: center\"><strong><em>( \u0160imonova )<\/em><\/strong><\/h3>\n<p><!--more--><\/p>\n<p>Posljednji ispra\u0107aj na\u0161e voljene pokojnice biti \u0107e u subotu 05.10.2024. godine u 12,00 sati iz crkve u Sv.Lovre\u010du Labinskom &#8211; Dimini\u0107i na mjesno groblje.<\/p>\n<p><em><strong>O\u017ealo\u0161\u0107eni:&nbsp;<\/strong><\/em>ANDREA s familijom i NADIA, te ostala tuguju\u0107a rodbina.<\/p>\n\n\n<p><\/p>\n","protected":false},"excerpt":{"rendered":"<p>S tugom u srcu javljamo rodbini, prijateljima i znancima da nas je u \u010detvrtak 03.10.2024. godine u 93. godini \u017eivota napustila na\u0161a voljena ALBINA&nbsp; &nbsp; DOBRI\u0106 ( \u0160imonova )<\/p>\n","protected":false},"author":3,"featured_media":22288,"comment_status":"closed","ping_status":"closed","sticky":false,"template":"","format":"standard","meta":[],"categories":[3],"tags":[],"_links":{"self":[{"href":"https:\/\/prvimaj.hr\/index.php?rest_route=\/wp\/v2\/posts\/22289"}],"collection":[{"href":"https:\/\/prvimaj.hr\/index.php?rest_route=\/wp\/v2\/posts"}],"about":[{"href":"https:\/\/prvimaj.hr\/index.php?rest_route=\/wp\/v2\/types\/post"}],"author":[{"embeddable":true,"href":"https:\/\/prvimaj.hr\/index.php?rest_route=\/wp\/v2\/users\/3"}],"replies":[{"embeddable":true,"href":"https:\/\/prvimaj.hr\/index.php?rest_route=%2Fwp%2Fv2%2Fcomments&post=22289"}],"version-history":[{"count":2,"href":"https:\/\/prvimaj.hr\/index.php?rest_route=\/wp\/v2\/posts\/22289\/revisions"}],"predecessor-version":[{"id":22291,"href":"https:\/\/prvimaj.hr\/index.php?rest_route=\/wp\/v2\/posts\/22289\/revisions\/22291"}],"wp:featuredmedia":[{"embeddable":true,"href":"https:\/\/prvimaj.hr\/index.php?rest_route=\/wp\/v2\/media\/22288"}],"wp:attachment":[{"href":"https:\/\/prvimaj.hr\/index.php?rest_route=%2Fwp%2Fv2%2Fmedia&parent=22289"}],"wp:term":[{"taxonomy":"category","embeddable":true,"href":"https:\/\/prvimaj.hr\/index.php?rest_route=%2Fwp%2Fv2%2Fcategories&post=22289"},{"taxonomy":"post_tag","embeddable":true,"href":"https:\/\/prvimaj.hr\/index.php?rest_route=%2Fwp%2Fv2%2Ftags&post=22289"}],"curies":[{"name":"wp","href":"https:\/\/api.w.org\/{rel}","templated":true}]}}