{"id":22315,"date":"2024-10-07T09:42:01","date_gmt":"2024-10-07T08:42:01","guid":{"rendered":"https:\/\/prvimaj.hr\/?p=22315"},"modified":"2024-10-07T09:58:25","modified_gmt":"2024-10-07T08:58:25","slug":"bruno-paliska","status":"publish","type":"post","link":"https:\/\/prvimaj.hr\/?p=22315","title":{"rendered":"Bruno  Paliska"},"content":{"rendered":"<p>Tu\u017ena srca javljamo rodbini, prijateljima i znancima da nas je u nedjelju 22.09.2024. godine u 65. godini \u017eivota napustio na\u0161 voljeni<\/p>\n<h2 style=\"text-align: center;\"><strong><em>BRUNO\u00a0 \u00a0 \u00a0PALISKA<\/em><\/strong><\/h2>\n<h3 style=\"text-align: center;\"><strong><em>( iz Labina )<\/em><\/strong><\/h3>\n<p><!--more--><\/p>\n<p>Posljednji ispra\u0107aj na\u0161eg voljenog pokojnika biti \u0107e u utorak 08.10.2024. godine u 14,00 sati iz Komemorativnog centra u Sv.Martinu &#8211; Martinskom na mjesno groblje.<\/p>\n<p><em><strong>O\u017ealo\u0161\u0107eni:\u00a0<\/strong><\/em>mama ANTICA, cija NADALINA, cijeti \u0110INO i VINKO sa familijama, te ostala tuguju\u0107a rodbina.<\/p>\n\n\n<p><\/p>\n","protected":false},"excerpt":{"rendered":"<p>Tu\u017ena srca javljamo rodbini, prijateljima i znancima da nas je u nedjelju 22.09.2024. godine u 65. godini \u017eivota napustio na\u0161 voljeni BRUNO\u00a0 \u00a0 \u00a0PALISKA ( iz Labina )<\/p>\n","protected":false},"author":3,"featured_media":22314,"comment_status":"closed","ping_status":"closed","sticky":false,"template":"","format":"standard","meta":[],"categories":[3],"tags":[],"_links":{"self":[{"href":"https:\/\/prvimaj.hr\/index.php?rest_route=\/wp\/v2\/posts\/22315"}],"collection":[{"href":"https:\/\/prvimaj.hr\/index.php?rest_route=\/wp\/v2\/posts"}],"about":[{"href":"https:\/\/prvimaj.hr\/index.php?rest_route=\/wp\/v2\/types\/post"}],"author":[{"embeddable":true,"href":"https:\/\/prvimaj.hr\/index.php?rest_route=\/wp\/v2\/users\/3"}],"replies":[{"embeddable":true,"href":"https:\/\/prvimaj.hr\/index.php?rest_route=%2Fwp%2Fv2%2Fcomments&post=22315"}],"version-history":[{"count":3,"href":"https:\/\/prvimaj.hr\/index.php?rest_route=\/wp\/v2\/posts\/22315\/revisions"}],"predecessor-version":[{"id":22318,"href":"https:\/\/prvimaj.hr\/index.php?rest_route=\/wp\/v2\/posts\/22315\/revisions\/22318"}],"wp:featuredmedia":[{"embeddable":true,"href":"https:\/\/prvimaj.hr\/index.php?rest_route=\/wp\/v2\/media\/22314"}],"wp:attachment":[{"href":"https:\/\/prvimaj.hr\/index.php?rest_route=%2Fwp%2Fv2%2Fmedia&parent=22315"}],"wp:term":[{"taxonomy":"category","embeddable":true,"href":"https:\/\/prvimaj.hr\/index.php?rest_route=%2Fwp%2Fv2%2Fcategories&post=22315"},{"taxonomy":"post_tag","embeddable":true,"href":"https:\/\/prvimaj.hr\/index.php?rest_route=%2Fwp%2Fv2%2Ftags&post=22315"}],"curies":[{"name":"wp","href":"https:\/\/api.w.org\/{rel}","templated":true}]}}