{"id":22336,"date":"2024-10-09T07:00:40","date_gmt":"2024-10-09T06:00:40","guid":{"rendered":"https:\/\/prvimaj.hr\/?p=22336"},"modified":"2024-10-09T07:00:49","modified_gmt":"2024-10-09T06:00:49","slug":"ivan-persic","status":"publish","type":"post","link":"https:\/\/prvimaj.hr\/?p=22336","title":{"rendered":"Ivan Per\u0161i\u0107"},"content":{"rendered":"<p>Tu\u017enim srcem javljamo rodbini, prijateljima i znancima da nas je u utorak 08.10.2024. godine u 68- oj godini \u017eivota napustio na\u0161 voljeni<\/p>\n<h2 style=\"text-align: center\"><em><strong>IVAN&nbsp; &nbsp;PER\u0160I\u0106<\/strong><\/em><\/h2>\n<h3 style=\"text-align: center\"><em><strong>( \u0110ani iz Boljevi\u0107i )<\/strong><\/em><\/h3>\n<p><!--more-->Posljednji ispra\u0107aj na\u0161eg voljenog pokojnika biti \u0107e u \u010detvrtak 10.10.2024. godine u 14,00 sati iz Komemorativnog centra u Kr\u0161anu na mjesno groblje.<\/p>\n<p><em><strong>O\u017ealo\u0161\u0107eni:&nbsp;<\/strong><\/em>sin PAOLO sa MARTINOM, unuk KEVIN, bra\u0107a SILVANO, ZLATKO, VALTER i PATRICIO sa familijama, te ostala tuguju\u0107a rodbina.<\/p>\n","protected":false},"excerpt":{"rendered":"<p>Tu\u017enim srcem javljamo rodbini, prijateljima i znancima da nas je u utorak 08.10.2024. godine u 68- oj godini \u017eivota napustio na\u0161 voljeni IVAN&nbsp; &nbsp;PER\u0160I\u0106 ( \u0110ani iz Boljevi\u0107i )<\/p>\n","protected":false},"author":3,"featured_media":22337,"comment_status":"closed","ping_status":"closed","sticky":false,"template":"","format":"standard","meta":[],"categories":[3],"tags":[],"_links":{"self":[{"href":"https:\/\/prvimaj.hr\/index.php?rest_route=\/wp\/v2\/posts\/22336"}],"collection":[{"href":"https:\/\/prvimaj.hr\/index.php?rest_route=\/wp\/v2\/posts"}],"about":[{"href":"https:\/\/prvimaj.hr\/index.php?rest_route=\/wp\/v2\/types\/post"}],"author":[{"embeddable":true,"href":"https:\/\/prvimaj.hr\/index.php?rest_route=\/wp\/v2\/users\/3"}],"replies":[{"embeddable":true,"href":"https:\/\/prvimaj.hr\/index.php?rest_route=%2Fwp%2Fv2%2Fcomments&post=22336"}],"version-history":[{"count":2,"href":"https:\/\/prvimaj.hr\/index.php?rest_route=\/wp\/v2\/posts\/22336\/revisions"}],"predecessor-version":[{"id":22339,"href":"https:\/\/prvimaj.hr\/index.php?rest_route=\/wp\/v2\/posts\/22336\/revisions\/22339"}],"wp:featuredmedia":[{"embeddable":true,"href":"https:\/\/prvimaj.hr\/index.php?rest_route=\/wp\/v2\/media\/22337"}],"wp:attachment":[{"href":"https:\/\/prvimaj.hr\/index.php?rest_route=%2Fwp%2Fv2%2Fmedia&parent=22336"}],"wp:term":[{"taxonomy":"category","embeddable":true,"href":"https:\/\/prvimaj.hr\/index.php?rest_route=%2Fwp%2Fv2%2Fcategories&post=22336"},{"taxonomy":"post_tag","embeddable":true,"href":"https:\/\/prvimaj.hr\/index.php?rest_route=%2Fwp%2Fv2%2Ftags&post=22336"}],"curies":[{"name":"wp","href":"https:\/\/api.w.org\/{rel}","templated":true}]}}