{"id":22397,"date":"2024-10-18T06:12:35","date_gmt":"2024-10-18T05:12:35","guid":{"rendered":"https:\/\/prvimaj.hr\/?p=22397"},"modified":"2024-10-18T06:12:44","modified_gmt":"2024-10-18T05:12:44","slug":"dani-verbanac-2","status":"publish","type":"post","link":"https:\/\/prvimaj.hr\/?p=22397","title":{"rendered":"\u0110ani Verbanac"},"content":{"rendered":"<p>Tu\u017enim srcem javljamo rodbini, prijateljima i znancima da nas je u utorak 15.10.2024. godine u 86 oj godini \u017eivota napustio na\u0161 voljeni<\/p>\n<h2 style=\"text-align: center\"><em><strong>\u0110ANI&nbsp; &nbsp;VERBANAC<\/strong><\/em><\/h2>\n<h3 style=\"text-align: center\"><em><strong>( iz Rapca )<\/strong><\/em><\/h3>\n<p><!--more-->Posljednji ispra\u0107aj na\u0161eg voljenog pokojnika biti \u0107e u petak 18.10.2024. godine u 14,00 sati iz Komemorativnog centra u Labinu na mjesno groblje Rabac.<\/p>\n<p><em><strong>O\u017ealo\u0161\u0107eni:&nbsp;<\/strong><\/em>supruga SONJA, sinovi RENCO i FABIO sa familijama, te ostala tuguju\u0107a rodbina.<\/p>\n","protected":false},"excerpt":{"rendered":"<p>Tu\u017enim srcem javljamo rodbini, prijateljima i znancima da nas je u utorak 15.10.2024. godine u 86 oj godini \u017eivota napustio na\u0161 voljeni \u0110ANI&nbsp; &nbsp;VERBANAC ( iz Rapca )<\/p>\n","protected":false},"author":3,"featured_media":22398,"comment_status":"closed","ping_status":"closed","sticky":false,"template":"","format":"standard","meta":[],"categories":[3],"tags":[],"_links":{"self":[{"href":"https:\/\/prvimaj.hr\/index.php?rest_route=\/wp\/v2\/posts\/22397"}],"collection":[{"href":"https:\/\/prvimaj.hr\/index.php?rest_route=\/wp\/v2\/posts"}],"about":[{"href":"https:\/\/prvimaj.hr\/index.php?rest_route=\/wp\/v2\/types\/post"}],"author":[{"embeddable":true,"href":"https:\/\/prvimaj.hr\/index.php?rest_route=\/wp\/v2\/users\/3"}],"replies":[{"embeddable":true,"href":"https:\/\/prvimaj.hr\/index.php?rest_route=%2Fwp%2Fv2%2Fcomments&post=22397"}],"version-history":[{"count":2,"href":"https:\/\/prvimaj.hr\/index.php?rest_route=\/wp\/v2\/posts\/22397\/revisions"}],"predecessor-version":[{"id":22400,"href":"https:\/\/prvimaj.hr\/index.php?rest_route=\/wp\/v2\/posts\/22397\/revisions\/22400"}],"wp:featuredmedia":[{"embeddable":true,"href":"https:\/\/prvimaj.hr\/index.php?rest_route=\/wp\/v2\/media\/22398"}],"wp:attachment":[{"href":"https:\/\/prvimaj.hr\/index.php?rest_route=%2Fwp%2Fv2%2Fmedia&parent=22397"}],"wp:term":[{"taxonomy":"category","embeddable":true,"href":"https:\/\/prvimaj.hr\/index.php?rest_route=%2Fwp%2Fv2%2Fcategories&post=22397"},{"taxonomy":"post_tag","embeddable":true,"href":"https:\/\/prvimaj.hr\/index.php?rest_route=%2Fwp%2Fv2%2Ftags&post=22397"}],"curies":[{"name":"wp","href":"https:\/\/api.w.org\/{rel}","templated":true}]}}