{"id":22416,"date":"2024-10-18T07:11:34","date_gmt":"2024-10-18T06:11:34","guid":{"rendered":"https:\/\/prvimaj.hr\/?p=22416"},"modified":"2024-10-18T07:11:41","modified_gmt":"2024-10-18T06:11:41","slug":"ana-heric","status":"publish","type":"post","link":"https:\/\/prvimaj.hr\/?p=22416","title":{"rendered":"Ana Heri\u0107"},"content":{"rendered":"<p>S tugom u srcu javljamo rodbini, prijateljima i znancima da nas je u srijedu 16.10.2024. godine u 82- oj godini \u017eivota napustila na\u0161a voljena<\/p>\n<h2 style=\"text-align: center\"><em><strong>ANA&nbsp; &nbsp; HERI\u0106<\/strong><\/em><\/h2>\n<h3 style=\"text-align: center\"><em><strong>( ro\u0111. Bodro\u017ei\u0107 iz Ko\u017eljaka )<\/strong><\/em><\/h3>\n<p><!--more-->Posljednji ispra\u0107aj na\u0161e voljene pokojnice biti \u0107e u subotu 19.10.2024. godine u krugu obitelji na mjesnom groblju Sv. Kri\u017e Ko\u017eljak.<\/p>\n<p><em><strong>O\u017ealo\u0161\u0107eni:&nbsp;<\/strong><\/em>sinovi MLADEN i MILAN, nevjesta MIRJANA, unuci VALENTINA sa SEUDINOM, MASIMO, MATEO i VERONIKA, praunuk DIAN, sestre MILA i FRANKA, bra\u0107a NEDO, STIPE i MARIJAN, te ostala tuguju\u0107a rodbina.<\/p>\n","protected":false},"excerpt":{"rendered":"<p>S tugom u srcu javljamo rodbini, prijateljima i znancima da nas je u srijedu 16.10.2024. godine u 82- oj godini \u017eivota napustila na\u0161a voljena ANA&nbsp; &nbsp; HERI\u0106 ( ro\u0111. Bodro\u017ei\u0107 iz Ko\u017eljaka )<\/p>\n","protected":false},"author":3,"featured_media":22417,"comment_status":"closed","ping_status":"closed","sticky":false,"template":"","format":"standard","meta":[],"categories":[3],"tags":[],"_links":{"self":[{"href":"https:\/\/prvimaj.hr\/index.php?rest_route=\/wp\/v2\/posts\/22416"}],"collection":[{"href":"https:\/\/prvimaj.hr\/index.php?rest_route=\/wp\/v2\/posts"}],"about":[{"href":"https:\/\/prvimaj.hr\/index.php?rest_route=\/wp\/v2\/types\/post"}],"author":[{"embeddable":true,"href":"https:\/\/prvimaj.hr\/index.php?rest_route=\/wp\/v2\/users\/3"}],"replies":[{"embeddable":true,"href":"https:\/\/prvimaj.hr\/index.php?rest_route=%2Fwp%2Fv2%2Fcomments&post=22416"}],"version-history":[{"count":2,"href":"https:\/\/prvimaj.hr\/index.php?rest_route=\/wp\/v2\/posts\/22416\/revisions"}],"predecessor-version":[{"id":22419,"href":"https:\/\/prvimaj.hr\/index.php?rest_route=\/wp\/v2\/posts\/22416\/revisions\/22419"}],"wp:featuredmedia":[{"embeddable":true,"href":"https:\/\/prvimaj.hr\/index.php?rest_route=\/wp\/v2\/media\/22417"}],"wp:attachment":[{"href":"https:\/\/prvimaj.hr\/index.php?rest_route=%2Fwp%2Fv2%2Fmedia&parent=22416"}],"wp:term":[{"taxonomy":"category","embeddable":true,"href":"https:\/\/prvimaj.hr\/index.php?rest_route=%2Fwp%2Fv2%2Fcategories&post=22416"},{"taxonomy":"post_tag","embeddable":true,"href":"https:\/\/prvimaj.hr\/index.php?rest_route=%2Fwp%2Fv2%2Ftags&post=22416"}],"curies":[{"name":"wp","href":"https:\/\/api.w.org\/{rel}","templated":true}]}}