{"id":22465,"date":"2024-10-25T08:37:22","date_gmt":"2024-10-25T07:37:22","guid":{"rendered":"https:\/\/prvimaj.hr\/?p=22465"},"modified":"2024-10-25T08:37:27","modified_gmt":"2024-10-25T07:37:27","slug":"milka-tominovic","status":"publish","type":"post","link":"https:\/\/prvimaj.hr\/?p=22465","title":{"rendered":"Milka Tominovi\u0107"},"content":{"rendered":"<p>Tu\u017ena srca javljamo rodbini, prijateljima i znancima da nas je u \u010detvrtak 24.10.2024. godine u 95- oj godini \u017eivota napustila na\u0161a voljena<\/p>\n<h2 style=\"text-align: center\"><em><strong>MILKA&nbsp; &nbsp;TOMINOVI\u0106<\/strong><\/em><\/h2>\n<h3 style=\"text-align: center\"><em><strong>( iz Rapca )<\/strong><\/em><\/h3>\n<p><!--more-->Posljednji ispra\u0107aj na\u0161e voljene pokojnice biti \u0107e u subotu 26.10.2024. godine u krugu obitelji iz Komemorativnog centra u Labinu na gradsko groblje.<\/p>\n<p><em><strong>Molimo za tihu su\u0107ut.<\/strong><\/em><\/p>\n<p><em><strong>O\u017ealo\u0161\u0107eni:&nbsp;<\/strong><\/em>k\u0107erke LILIJANA i ELDA, sin DENIS, unuci SANDRA sa DARIJEM, PETAR i MAURO sa TATIJANOM, praunuci LISA i REA, sestre JOLANDA i SILVANA sa obiteljima, te ostala tuguju\u0107a rodbina.<\/p>\n\n\n<p><\/p>\n","protected":false},"excerpt":{"rendered":"<p>Tu\u017ena srca javljamo rodbini, prijateljima i znancima da nas je u \u010detvrtak 24.10.2024. godine u 95- oj godini \u017eivota napustila na\u0161a voljena MILKA&nbsp; &nbsp;TOMINOVI\u0106 ( iz Rapca )<\/p>\n","protected":false},"author":3,"featured_media":22466,"comment_status":"closed","ping_status":"closed","sticky":false,"template":"","format":"standard","meta":[],"categories":[3],"tags":[],"_links":{"self":[{"href":"https:\/\/prvimaj.hr\/index.php?rest_route=\/wp\/v2\/posts\/22465"}],"collection":[{"href":"https:\/\/prvimaj.hr\/index.php?rest_route=\/wp\/v2\/posts"}],"about":[{"href":"https:\/\/prvimaj.hr\/index.php?rest_route=\/wp\/v2\/types\/post"}],"author":[{"embeddable":true,"href":"https:\/\/prvimaj.hr\/index.php?rest_route=\/wp\/v2\/users\/3"}],"replies":[{"embeddable":true,"href":"https:\/\/prvimaj.hr\/index.php?rest_route=%2Fwp%2Fv2%2Fcomments&post=22465"}],"version-history":[{"count":2,"href":"https:\/\/prvimaj.hr\/index.php?rest_route=\/wp\/v2\/posts\/22465\/revisions"}],"predecessor-version":[{"id":22468,"href":"https:\/\/prvimaj.hr\/index.php?rest_route=\/wp\/v2\/posts\/22465\/revisions\/22468"}],"wp:featuredmedia":[{"embeddable":true,"href":"https:\/\/prvimaj.hr\/index.php?rest_route=\/wp\/v2\/media\/22466"}],"wp:attachment":[{"href":"https:\/\/prvimaj.hr\/index.php?rest_route=%2Fwp%2Fv2%2Fmedia&parent=22465"}],"wp:term":[{"taxonomy":"category","embeddable":true,"href":"https:\/\/prvimaj.hr\/index.php?rest_route=%2Fwp%2Fv2%2Fcategories&post=22465"},{"taxonomy":"post_tag","embeddable":true,"href":"https:\/\/prvimaj.hr\/index.php?rest_route=%2Fwp%2Fv2%2Ftags&post=22465"}],"curies":[{"name":"wp","href":"https:\/\/api.w.org\/{rel}","templated":true}]}}