{"id":22573,"date":"2024-11-04T09:31:02","date_gmt":"2024-11-04T08:31:02","guid":{"rendered":"https:\/\/prvimaj.hr\/?p=22573"},"modified":"2024-11-04T09:31:08","modified_gmt":"2024-11-04T08:31:08","slug":"fariz-sabanovic","status":"publish","type":"post","link":"https:\/\/prvimaj.hr\/?p=22573","title":{"rendered":"Fariz \u0160abanovi\u0107"},"content":{"rendered":"<p>S tugom u srcu javljamo svoj rodbini, prijateljima i znancima \u017ealosnu vijest da je na\u0161 rahmetli<\/p>\n<h2 style=\"text-align: center\"><em><strong>FARIZ&nbsp; &nbsp;\u0160ABANOVI\u0106<\/strong><\/em><\/h2>\n<h3 style=\"text-align: center\"><em><strong>( iz Vre\u0107ari )<\/strong><\/em><\/h3>\n<p><!--more-->preselio na ahiret u petak 01.11.2024. godine u 70- oj godini \u017eivota. D\u017eenaza \u0107e krenuti u utorak 05.11.2024. godine u 14,00 sati iz Komemorativnog centra u Sv. Nedelji &#8211; Nede\u0161\u0107ini na mjesno groblje.<\/p>\n<p><em><strong>O\u017ealo\u0161\u0107eni:&nbsp;<\/strong><\/em>supruga AMIRA, sin EMIR, k\u0107erka AMRA sa GORANOM, unuk TIN, bra\u0107a HARIZ i FADIL, sestre FADILA, NAHIDA i MIRSADA sa obiteljima, te sva ostala tuguju\u0107a obitelj i prijatelji.<\/p>\n","protected":false},"excerpt":{"rendered":"<p>S tugom u srcu javljamo svoj rodbini, prijateljima i znancima \u017ealosnu vijest da je na\u0161 rahmetli FARIZ&nbsp; &nbsp;\u0160ABANOVI\u0106 ( iz Vre\u0107ari )<\/p>\n","protected":false},"author":3,"featured_media":22574,"comment_status":"closed","ping_status":"closed","sticky":false,"template":"","format":"standard","meta":[],"categories":[3],"tags":[],"_links":{"self":[{"href":"https:\/\/prvimaj.hr\/index.php?rest_route=\/wp\/v2\/posts\/22573"}],"collection":[{"href":"https:\/\/prvimaj.hr\/index.php?rest_route=\/wp\/v2\/posts"}],"about":[{"href":"https:\/\/prvimaj.hr\/index.php?rest_route=\/wp\/v2\/types\/post"}],"author":[{"embeddable":true,"href":"https:\/\/prvimaj.hr\/index.php?rest_route=\/wp\/v2\/users\/3"}],"replies":[{"embeddable":true,"href":"https:\/\/prvimaj.hr\/index.php?rest_route=%2Fwp%2Fv2%2Fcomments&post=22573"}],"version-history":[{"count":2,"href":"https:\/\/prvimaj.hr\/index.php?rest_route=\/wp\/v2\/posts\/22573\/revisions"}],"predecessor-version":[{"id":22576,"href":"https:\/\/prvimaj.hr\/index.php?rest_route=\/wp\/v2\/posts\/22573\/revisions\/22576"}],"wp:featuredmedia":[{"embeddable":true,"href":"https:\/\/prvimaj.hr\/index.php?rest_route=\/wp\/v2\/media\/22574"}],"wp:attachment":[{"href":"https:\/\/prvimaj.hr\/index.php?rest_route=%2Fwp%2Fv2%2Fmedia&parent=22573"}],"wp:term":[{"taxonomy":"category","embeddable":true,"href":"https:\/\/prvimaj.hr\/index.php?rest_route=%2Fwp%2Fv2%2Fcategories&post=22573"},{"taxonomy":"post_tag","embeddable":true,"href":"https:\/\/prvimaj.hr\/index.php?rest_route=%2Fwp%2Fv2%2Ftags&post=22573"}],"curies":[{"name":"wp","href":"https:\/\/api.w.org\/{rel}","templated":true}]}}