{"id":22581,"date":"2024-11-04T14:10:09","date_gmt":"2024-11-04T13:10:09","guid":{"rendered":"https:\/\/prvimaj.hr\/?p=22581"},"modified":"2024-11-04T14:10:15","modified_gmt":"2024-11-04T13:10:15","slug":"marinela-gobo","status":"publish","type":"post","link":"https:\/\/prvimaj.hr\/?p=22581","title":{"rendered":"Marinela Gobo"},"content":{"rendered":"<p>Tu\u017ena srca javljamo rodbini, prijateljima i znancima da nas je u nedjelju 03.11.2024. godine u 87- oj godini \u017eivota napustila na\u0161a voljena<\/p>\n<h2 style=\"text-align: center\"><em><strong>MARINELA&nbsp; &nbsp;GOBO<\/strong><\/em><\/h2>\n<h3 style=\"text-align: center\"><em><strong>( uz Trgetari )<\/strong><\/em><\/h3>\n<p><!--more-->Posljednji ispra\u0107aj na\u0161e voljene pokojnice biti \u0107e u srijedu 06.11.2024. godine u 14,00 sati iz Komemorativnog centra u Sv. Lovre\u010du &#8211; Dimini\u0107i na mjesno groblje.<\/p>\n<p><em><strong>O\u017ealo\u0161\u0107eni:&nbsp;<\/strong><\/em>sinovi TEODOR i ZORAN sa familijama, te ostala tuguju\u0107a rodbina.<\/p>\n","protected":false},"excerpt":{"rendered":"<p>Tu\u017ena srca javljamo rodbini, prijateljima i znancima da nas je u nedjelju 03.11.2024. godine u 87- oj godini \u017eivota napustila na\u0161a voljena MARINELA&nbsp; &nbsp;GOBO ( uz Trgetari )<\/p>\n","protected":false},"author":3,"featured_media":22582,"comment_status":"closed","ping_status":"closed","sticky":false,"template":"","format":"standard","meta":[],"categories":[3],"tags":[],"_links":{"self":[{"href":"https:\/\/prvimaj.hr\/index.php?rest_route=\/wp\/v2\/posts\/22581"}],"collection":[{"href":"https:\/\/prvimaj.hr\/index.php?rest_route=\/wp\/v2\/posts"}],"about":[{"href":"https:\/\/prvimaj.hr\/index.php?rest_route=\/wp\/v2\/types\/post"}],"author":[{"embeddable":true,"href":"https:\/\/prvimaj.hr\/index.php?rest_route=\/wp\/v2\/users\/3"}],"replies":[{"embeddable":true,"href":"https:\/\/prvimaj.hr\/index.php?rest_route=%2Fwp%2Fv2%2Fcomments&post=22581"}],"version-history":[{"count":2,"href":"https:\/\/prvimaj.hr\/index.php?rest_route=\/wp\/v2\/posts\/22581\/revisions"}],"predecessor-version":[{"id":22584,"href":"https:\/\/prvimaj.hr\/index.php?rest_route=\/wp\/v2\/posts\/22581\/revisions\/22584"}],"wp:featuredmedia":[{"embeddable":true,"href":"https:\/\/prvimaj.hr\/index.php?rest_route=\/wp\/v2\/media\/22582"}],"wp:attachment":[{"href":"https:\/\/prvimaj.hr\/index.php?rest_route=%2Fwp%2Fv2%2Fmedia&parent=22581"}],"wp:term":[{"taxonomy":"category","embeddable":true,"href":"https:\/\/prvimaj.hr\/index.php?rest_route=%2Fwp%2Fv2%2Fcategories&post=22581"},{"taxonomy":"post_tag","embeddable":true,"href":"https:\/\/prvimaj.hr\/index.php?rest_route=%2Fwp%2Fv2%2Ftags&post=22581"}],"curies":[{"name":"wp","href":"https:\/\/api.w.org\/{rel}","templated":true}]}}