{"id":22610,"date":"2024-11-09T07:42:11","date_gmt":"2024-11-09T06:42:11","guid":{"rendered":"https:\/\/prvimaj.hr\/?p=22610"},"modified":"2024-11-09T07:42:19","modified_gmt":"2024-11-09T06:42:19","slug":"vita-dundara","status":"publish","type":"post","link":"https:\/\/prvimaj.hr\/?p=22610","title":{"rendered":"Vita Dundara"},"content":{"rendered":"<p>U dubokoj boli javljamo svoj rodbini, prijateljima i znancima da nas je u ponedjeljak 04.11.2024. godine u 86- oj godini \u017eivota napustila na\u0161a voljena<\/p>\n<h2 style=\"text-align: center\"><em><strong>VITA&nbsp; &nbsp;DUNDARA<\/strong><\/em><\/h2>\n<h3 style=\"text-align: center\"><em><strong>( ro\u0111. Bev\u010dar iz Labina )<\/strong><\/em><\/h3>\n<p><!--more-->Posljednji ispra\u0107aj na\u0161e voljene pokojnice biti \u0107e u utorak 12.11.2024. godine u 12,00 sati iz Komemorativnog centra u Labinu na gradsko groblje.<\/p>\n<p><em><strong>O\u017ealo\u0161\u0107eni:&nbsp;<\/strong><\/em>brat ZDENKO, sestra DANICA, kunjade LORNA, ALI\u010cE i CARMEN, ne\u0107akinje DAVORKA s familijom, TENA s IVANOM, ne\u0107aci DAMIR, ENES, OMER, GLEN, JASSON s familijama, te ostala tuguju\u0107a rodbina.<\/p>\n","protected":false},"excerpt":{"rendered":"<p>U dubokoj boli javljamo svoj rodbini, prijateljima i znancima da nas je u ponedjeljak 04.11.2024. godine u 86- oj godini \u017eivota napustila na\u0161a voljena VITA&nbsp; &nbsp;DUNDARA ( ro\u0111. Bev\u010dar iz Labina )<\/p>\n","protected":false},"author":3,"featured_media":22611,"comment_status":"closed","ping_status":"closed","sticky":false,"template":"","format":"standard","meta":[],"categories":[3],"tags":[],"_links":{"self":[{"href":"https:\/\/prvimaj.hr\/index.php?rest_route=\/wp\/v2\/posts\/22610"}],"collection":[{"href":"https:\/\/prvimaj.hr\/index.php?rest_route=\/wp\/v2\/posts"}],"about":[{"href":"https:\/\/prvimaj.hr\/index.php?rest_route=\/wp\/v2\/types\/post"}],"author":[{"embeddable":true,"href":"https:\/\/prvimaj.hr\/index.php?rest_route=\/wp\/v2\/users\/3"}],"replies":[{"embeddable":true,"href":"https:\/\/prvimaj.hr\/index.php?rest_route=%2Fwp%2Fv2%2Fcomments&post=22610"}],"version-history":[{"count":2,"href":"https:\/\/prvimaj.hr\/index.php?rest_route=\/wp\/v2\/posts\/22610\/revisions"}],"predecessor-version":[{"id":22613,"href":"https:\/\/prvimaj.hr\/index.php?rest_route=\/wp\/v2\/posts\/22610\/revisions\/22613"}],"wp:featuredmedia":[{"embeddable":true,"href":"https:\/\/prvimaj.hr\/index.php?rest_route=\/wp\/v2\/media\/22611"}],"wp:attachment":[{"href":"https:\/\/prvimaj.hr\/index.php?rest_route=%2Fwp%2Fv2%2Fmedia&parent=22610"}],"wp:term":[{"taxonomy":"category","embeddable":true,"href":"https:\/\/prvimaj.hr\/index.php?rest_route=%2Fwp%2Fv2%2Fcategories&post=22610"},{"taxonomy":"post_tag","embeddable":true,"href":"https:\/\/prvimaj.hr\/index.php?rest_route=%2Fwp%2Fv2%2Ftags&post=22610"}],"curies":[{"name":"wp","href":"https:\/\/api.w.org\/{rel}","templated":true}]}}