{"id":22618,"date":"2024-11-11T09:17:51","date_gmt":"2024-11-11T08:17:51","guid":{"rendered":"https:\/\/prvimaj.hr\/?p=22618"},"modified":"2024-11-11T09:17:59","modified_gmt":"2024-11-11T08:17:59","slug":"serdo-baca","status":"publish","type":"post","link":"https:\/\/prvimaj.hr\/?p=22618","title":{"rendered":"Ser\u0111o Ba\u0107a"},"content":{"rendered":"<p>Tu\u017ena srca javljamo rodbini, prijateljima i znancima da nas je u nedjelju 10.11.2024. godine u 73- oj godini \u017eivota napustio na\u0161 voljeni<\/p>\n<h2 style=\"text-align: center\"><em><strong>SER\u0110O&nbsp; &nbsp; BA\u0106A<\/strong><\/em><\/h2>\n<h3 style=\"text-align: center\"><em><strong>( iz Ba\u0107i )<\/strong><\/em><\/h3>\n<p><!--more-->Posljednji ispra\u0107aj na\u0161eg voljenog pokojnika biti \u0107e u srijedu 13.11.2024. godine u 14,00 sati iz Komemorativnog centra u Plominu na mjesno groblje.<\/p>\n<p><em><strong>O\u017ealo\u0161\u0107eni:&nbsp;<\/strong><\/em>supruga ELDA, k\u0107erka TATJANA, sin MARKO, nevjesta MIRELA, unuci ERIK s NIKOM, MASIMO s NAOMI, KARLO i MONIKA, sestra IRIS s familijom, kunjado FRANKO i kunjada LIDIJA s familijom, te ostala tuguju\u0107a rodbina.<\/p>\n<h3 style=\"text-align: center\"><em><strong>&nbsp;<\/strong><\/em><\/h3>\n<p><!--more--><\/p>\n","protected":false},"excerpt":{"rendered":"<p>Tu\u017ena srca javljamo rodbini, prijateljima i znancima da nas je u nedjelju 10.11.2024. godine u 73- oj godini \u017eivota napustio na\u0161 voljeni SER\u0110O&nbsp; &nbsp; BA\u0106A ( iz Ba\u0107i )<\/p>\n","protected":false},"author":3,"featured_media":22617,"comment_status":"closed","ping_status":"closed","sticky":false,"template":"","format":"standard","meta":[],"categories":[3],"tags":[],"_links":{"self":[{"href":"https:\/\/prvimaj.hr\/index.php?rest_route=\/wp\/v2\/posts\/22618"}],"collection":[{"href":"https:\/\/prvimaj.hr\/index.php?rest_route=\/wp\/v2\/posts"}],"about":[{"href":"https:\/\/prvimaj.hr\/index.php?rest_route=\/wp\/v2\/types\/post"}],"author":[{"embeddable":true,"href":"https:\/\/prvimaj.hr\/index.php?rest_route=\/wp\/v2\/users\/3"}],"replies":[{"embeddable":true,"href":"https:\/\/prvimaj.hr\/index.php?rest_route=%2Fwp%2Fv2%2Fcomments&post=22618"}],"version-history":[{"count":2,"href":"https:\/\/prvimaj.hr\/index.php?rest_route=\/wp\/v2\/posts\/22618\/revisions"}],"predecessor-version":[{"id":22621,"href":"https:\/\/prvimaj.hr\/index.php?rest_route=\/wp\/v2\/posts\/22618\/revisions\/22621"}],"wp:featuredmedia":[{"embeddable":true,"href":"https:\/\/prvimaj.hr\/index.php?rest_route=\/wp\/v2\/media\/22617"}],"wp:attachment":[{"href":"https:\/\/prvimaj.hr\/index.php?rest_route=%2Fwp%2Fv2%2Fmedia&parent=22618"}],"wp:term":[{"taxonomy":"category","embeddable":true,"href":"https:\/\/prvimaj.hr\/index.php?rest_route=%2Fwp%2Fv2%2Fcategories&post=22618"},{"taxonomy":"post_tag","embeddable":true,"href":"https:\/\/prvimaj.hr\/index.php?rest_route=%2Fwp%2Fv2%2Ftags&post=22618"}],"curies":[{"name":"wp","href":"https:\/\/api.w.org\/{rel}","templated":true}]}}