{"id":22672,"date":"2024-11-15T15:28:49","date_gmt":"2024-11-15T14:28:49","guid":{"rendered":"https:\/\/prvimaj.hr\/?p=22672"},"modified":"2024-11-15T15:29:04","modified_gmt":"2024-11-15T14:29:04","slug":"gracijela-adzijevic","status":"publish","type":"post","link":"https:\/\/prvimaj.hr\/?p=22672","title":{"rendered":"Gracijela  Ad\u017eijevi\u0107"},"content":{"rendered":"<p>U dubokoj boli javljamo rodbini, prijateljima i znancima da nas je u \u010detvrtak 14.11.2024. godine u 76. godini \u017eivota napustila na\u0161a voljena<\/p>\n<h2 style=\"text-align: center\"><strong><em>GRACIJELA&nbsp; &nbsp; AD\u017dIJEVI\u0106<\/em><\/strong><\/h2>\n<h3 style=\"text-align: center\"><strong><em>( iz Vi\u0161kovi\u0107i )<\/em><\/strong><\/h3>\n<p><!--more--><\/p>\n<p>Posljednji ispra\u0107aj na\u0161e voljene pokojnice biti \u0107e u subotu 16.11.2024. godine u 12,00 sati iz crkve na Skita\u010di na mjesno groblje.<\/p>\n<p><em><strong>O\u017ealo\u0161\u0107eni:&nbsp;<\/strong><\/em>sin ROBERT, nevjesta VIOLETA, unuci REA i ALESSIO, sestre MARIJA i LJILJANA sa familijama, kunjada IVANKA i kunjado MATO sa familijama, te ostala tuguju\u0107a rodbina.<\/p>\n","protected":false},"excerpt":{"rendered":"<p>U dubokoj boli javljamo rodbini, prijateljima i znancima da nas je u \u010detvrtak 14.11.2024. godine u 76. godini \u017eivota napustila na\u0161a voljena GRACIJELA&nbsp; &nbsp; AD\u017dIJEVI\u0106 ( iz Vi\u0161kovi\u0107i )<\/p>\n","protected":false},"author":3,"featured_media":22671,"comment_status":"closed","ping_status":"closed","sticky":false,"template":"","format":"standard","meta":[],"categories":[3],"tags":[],"_links":{"self":[{"href":"https:\/\/prvimaj.hr\/index.php?rest_route=\/wp\/v2\/posts\/22672"}],"collection":[{"href":"https:\/\/prvimaj.hr\/index.php?rest_route=\/wp\/v2\/posts"}],"about":[{"href":"https:\/\/prvimaj.hr\/index.php?rest_route=\/wp\/v2\/types\/post"}],"author":[{"embeddable":true,"href":"https:\/\/prvimaj.hr\/index.php?rest_route=\/wp\/v2\/users\/3"}],"replies":[{"embeddable":true,"href":"https:\/\/prvimaj.hr\/index.php?rest_route=%2Fwp%2Fv2%2Fcomments&post=22672"}],"version-history":[{"count":2,"href":"https:\/\/prvimaj.hr\/index.php?rest_route=\/wp\/v2\/posts\/22672\/revisions"}],"predecessor-version":[{"id":22674,"href":"https:\/\/prvimaj.hr\/index.php?rest_route=\/wp\/v2\/posts\/22672\/revisions\/22674"}],"wp:featuredmedia":[{"embeddable":true,"href":"https:\/\/prvimaj.hr\/index.php?rest_route=\/wp\/v2\/media\/22671"}],"wp:attachment":[{"href":"https:\/\/prvimaj.hr\/index.php?rest_route=%2Fwp%2Fv2%2Fmedia&parent=22672"}],"wp:term":[{"taxonomy":"category","embeddable":true,"href":"https:\/\/prvimaj.hr\/index.php?rest_route=%2Fwp%2Fv2%2Fcategories&post=22672"},{"taxonomy":"post_tag","embeddable":true,"href":"https:\/\/prvimaj.hr\/index.php?rest_route=%2Fwp%2Fv2%2Ftags&post=22672"}],"curies":[{"name":"wp","href":"https:\/\/api.w.org\/{rel}","templated":true}]}}