{"id":22705,"date":"2024-11-21T08:32:17","date_gmt":"2024-11-21T07:32:17","guid":{"rendered":"https:\/\/prvimaj.hr\/?p=22705"},"modified":"2024-11-21T12:22:01","modified_gmt":"2024-11-21T11:22:01","slug":"orijana-bolonovic","status":"publish","type":"post","link":"https:\/\/prvimaj.hr\/?p=22705","title":{"rendered":"Orijana Bolonovi\u0107"},"content":{"rendered":"<p>U dubokoj boli javljamo svoj rodbini, prijateljima i znancima da nas je u srijedu 20.11.2024. godine u 63- oj godini \u017eivota napustila na\u0161a voljena<\/p>\n<h2 style=\"text-align: center\"><em><strong>ORIJANA\u00a0 \u00a0BOLONOVI\u0106<\/strong><\/em><\/h2>\n<h3 style=\"text-align: center\"><em><strong>( ro\u0111. \u010cekada )<\/strong><\/em><\/h3>\n<p><!--more-->Posljednji ispra\u0107aj na\u0161e voljene pokojnice biti \u0107e u subotu 23.11.2024. godine u 12,00 sati iz Komemorativnog centra u Labinu na gradsko groblje.<\/p>\n<p><em><strong>O\u017ealo\u0161\u0107eni: <\/strong><\/em>suprug IVAN, sin IGOR sa ANOM, sestra LORENA, kunjadi DEAN i DARIO, kunjada ANITA, ne\u0107aci IVANA, FRANKO i PAULA, te ostala tuguju\u0107a rodbina.<\/p>\n","protected":false},"excerpt":{"rendered":"<p>U dubokoj boli javljamo svoj rodbini, prijateljima i znancima da nas je u srijedu 20.11.2024. godine u 63- oj godini \u017eivota napustila na\u0161a voljena ORIJANA\u00a0 \u00a0BOLONOVI\u0106 ( ro\u0111. \u010cekada )<\/p>\n","protected":false},"author":3,"featured_media":22706,"comment_status":"closed","ping_status":"closed","sticky":false,"template":"","format":"standard","meta":[],"categories":[3],"tags":[],"_links":{"self":[{"href":"https:\/\/prvimaj.hr\/index.php?rest_route=\/wp\/v2\/posts\/22705"}],"collection":[{"href":"https:\/\/prvimaj.hr\/index.php?rest_route=\/wp\/v2\/posts"}],"about":[{"href":"https:\/\/prvimaj.hr\/index.php?rest_route=\/wp\/v2\/types\/post"}],"author":[{"embeddable":true,"href":"https:\/\/prvimaj.hr\/index.php?rest_route=\/wp\/v2\/users\/3"}],"replies":[{"embeddable":true,"href":"https:\/\/prvimaj.hr\/index.php?rest_route=%2Fwp%2Fv2%2Fcomments&post=22705"}],"version-history":[{"count":3,"href":"https:\/\/prvimaj.hr\/index.php?rest_route=\/wp\/v2\/posts\/22705\/revisions"}],"predecessor-version":[{"id":22710,"href":"https:\/\/prvimaj.hr\/index.php?rest_route=\/wp\/v2\/posts\/22705\/revisions\/22710"}],"wp:featuredmedia":[{"embeddable":true,"href":"https:\/\/prvimaj.hr\/index.php?rest_route=\/wp\/v2\/media\/22706"}],"wp:attachment":[{"href":"https:\/\/prvimaj.hr\/index.php?rest_route=%2Fwp%2Fv2%2Fmedia&parent=22705"}],"wp:term":[{"taxonomy":"category","embeddable":true,"href":"https:\/\/prvimaj.hr\/index.php?rest_route=%2Fwp%2Fv2%2Fcategories&post=22705"},{"taxonomy":"post_tag","embeddable":true,"href":"https:\/\/prvimaj.hr\/index.php?rest_route=%2Fwp%2Fv2%2Ftags&post=22705"}],"curies":[{"name":"wp","href":"https:\/\/api.w.org\/{rel}","templated":true}]}}