{"id":22777,"date":"2024-12-01T13:15:26","date_gmt":"2024-12-01T12:15:26","guid":{"rendered":"https:\/\/prvimaj.hr\/?p=22777"},"modified":"2024-12-01T13:15:34","modified_gmt":"2024-12-01T12:15:34","slug":"ema-glavicic","status":"publish","type":"post","link":"https:\/\/prvimaj.hr\/?p=22777","title":{"rendered":"Ema Glavi\u010di\u0107"},"content":{"rendered":"<p>S tugom u srcu javljamo rodbini, prijateljima i znancima da nas je u nedjelju 01.12.2024. godine u 83- oj godini \u017eivota napustila na\u0161a voljena<\/p>\n<h2 style=\"text-align: center\"><em><strong>EMA&nbsp; &nbsp;GLAVI\u010cI\u0106<\/strong><\/em><\/h2>\n<h3 style=\"text-align: center\"><em><strong>( ro\u0111. Frankovi\u0107 iz Kranjci )<\/strong><\/em><\/h3>\n<p><!--more-->Posljednji ispra\u0107aj na\u0161e voljene pokojnice bit \u0107e u ponedjeljak 02.12.2024. godine u 13,00 sati iz Komemorativnog centra u Labinu na gradsko groblje.<\/p>\n<p><em><strong>O\u017ealo\u0161\u0107eni:&nbsp;<\/strong><\/em>sin VALTER, k\u0107erka VESNA, nevjesta DANIELA, zet MORENO, unuci LEONARDO, MARIO, IVANO, SARA i DINO, sestre ALBINA, ERMINIJA, NEVIJA, MIRJANA, bra\u0107a NILDO, TONI i BEPI sa familijama, kunjada MARICA sa familijom, te ostala tuguju\u0107a rodbina.<\/p>\n","protected":false},"excerpt":{"rendered":"<p>S tugom u srcu javljamo rodbini, prijateljima i znancima da nas je u nedjelju 01.12.2024. godine u 83- oj godini \u017eivota napustila na\u0161a voljena EMA&nbsp; &nbsp;GLAVI\u010cI\u0106 ( ro\u0111. Frankovi\u0107 iz Kranjci )<\/p>\n","protected":false},"author":3,"featured_media":22778,"comment_status":"closed","ping_status":"closed","sticky":false,"template":"","format":"standard","meta":[],"categories":[3],"tags":[],"_links":{"self":[{"href":"https:\/\/prvimaj.hr\/index.php?rest_route=\/wp\/v2\/posts\/22777"}],"collection":[{"href":"https:\/\/prvimaj.hr\/index.php?rest_route=\/wp\/v2\/posts"}],"about":[{"href":"https:\/\/prvimaj.hr\/index.php?rest_route=\/wp\/v2\/types\/post"}],"author":[{"embeddable":true,"href":"https:\/\/prvimaj.hr\/index.php?rest_route=\/wp\/v2\/users\/3"}],"replies":[{"embeddable":true,"href":"https:\/\/prvimaj.hr\/index.php?rest_route=%2Fwp%2Fv2%2Fcomments&post=22777"}],"version-history":[{"count":2,"href":"https:\/\/prvimaj.hr\/index.php?rest_route=\/wp\/v2\/posts\/22777\/revisions"}],"predecessor-version":[{"id":22780,"href":"https:\/\/prvimaj.hr\/index.php?rest_route=\/wp\/v2\/posts\/22777\/revisions\/22780"}],"wp:featuredmedia":[{"embeddable":true,"href":"https:\/\/prvimaj.hr\/index.php?rest_route=\/wp\/v2\/media\/22778"}],"wp:attachment":[{"href":"https:\/\/prvimaj.hr\/index.php?rest_route=%2Fwp%2Fv2%2Fmedia&parent=22777"}],"wp:term":[{"taxonomy":"category","embeddable":true,"href":"https:\/\/prvimaj.hr\/index.php?rest_route=%2Fwp%2Fv2%2Fcategories&post=22777"},{"taxonomy":"post_tag","embeddable":true,"href":"https:\/\/prvimaj.hr\/index.php?rest_route=%2Fwp%2Fv2%2Ftags&post=22777"}],"curies":[{"name":"wp","href":"https:\/\/api.w.org\/{rel}","templated":true}]}}