{"id":22781,"date":"2024-12-02T09:09:24","date_gmt":"2024-12-02T08:09:24","guid":{"rendered":"https:\/\/prvimaj.hr\/?p=22781"},"modified":"2024-12-02T09:09:32","modified_gmt":"2024-12-02T08:09:32","slug":"mariza-zahtila","status":"publish","type":"post","link":"https:\/\/prvimaj.hr\/?p=22781","title":{"rendered":"Mariza Zahtila"},"content":{"rendered":"<p>U dubokoj boli javljamo svoj rodbini, prijateljima i znancima da nas je u nedjelju 01.12.2024. godine u 76- oj godini \u017eivota napustila na\u0161a voljena<\/p>\n<h2 style=\"text-align: center\"><em><strong>MARIZA&nbsp; &nbsp;ZAHTILA<\/strong><\/em><\/h2>\n<h3 style=\"text-align: center\"><em><strong>( ro\u0111. Gripari\u0107 )<\/strong><\/em><\/h3>\n<p><!--more-->Posljednji ispra\u0107aj na\u0161e voljene pokojnice biti \u0107e u utorak 03.12.2024. godine u 12,30 sati iz Komemorativnog centra u Sv. Martinu &#8211; Martinskom na mjesno groblje.<\/p>\n<p><em><strong>O\u017ealo\u0161\u0107eni:&nbsp;<\/strong><\/em>sinovi ELVIS i MAURICIO, nevjesta LARA, unuci REA, CARLA, NINA i ANTONIO, praunuka ANNI, kunjada ANITA sa familijom, starni\u0161na SONJA sa familijom, te ostala tuguju\u0107a rodbina.<\/p>\n","protected":false},"excerpt":{"rendered":"<p>U dubokoj boli javljamo svoj rodbini, prijateljima i znancima da nas je u nedjelju 01.12.2024. godine u 76- oj godini \u017eivota napustila na\u0161a voljena MARIZA&nbsp; &nbsp;ZAHTILA ( ro\u0111. Gripari\u0107 )<\/p>\n","protected":false},"author":3,"featured_media":22782,"comment_status":"closed","ping_status":"closed","sticky":false,"template":"","format":"standard","meta":[],"categories":[3],"tags":[],"_links":{"self":[{"href":"https:\/\/prvimaj.hr\/index.php?rest_route=\/wp\/v2\/posts\/22781"}],"collection":[{"href":"https:\/\/prvimaj.hr\/index.php?rest_route=\/wp\/v2\/posts"}],"about":[{"href":"https:\/\/prvimaj.hr\/index.php?rest_route=\/wp\/v2\/types\/post"}],"author":[{"embeddable":true,"href":"https:\/\/prvimaj.hr\/index.php?rest_route=\/wp\/v2\/users\/3"}],"replies":[{"embeddable":true,"href":"https:\/\/prvimaj.hr\/index.php?rest_route=%2Fwp%2Fv2%2Fcomments&post=22781"}],"version-history":[{"count":2,"href":"https:\/\/prvimaj.hr\/index.php?rest_route=\/wp\/v2\/posts\/22781\/revisions"}],"predecessor-version":[{"id":22784,"href":"https:\/\/prvimaj.hr\/index.php?rest_route=\/wp\/v2\/posts\/22781\/revisions\/22784"}],"wp:featuredmedia":[{"embeddable":true,"href":"https:\/\/prvimaj.hr\/index.php?rest_route=\/wp\/v2\/media\/22782"}],"wp:attachment":[{"href":"https:\/\/prvimaj.hr\/index.php?rest_route=%2Fwp%2Fv2%2Fmedia&parent=22781"}],"wp:term":[{"taxonomy":"category","embeddable":true,"href":"https:\/\/prvimaj.hr\/index.php?rest_route=%2Fwp%2Fv2%2Fcategories&post=22781"},{"taxonomy":"post_tag","embeddable":true,"href":"https:\/\/prvimaj.hr\/index.php?rest_route=%2Fwp%2Fv2%2Ftags&post=22781"}],"curies":[{"name":"wp","href":"https:\/\/api.w.org\/{rel}","templated":true}]}}