{"id":22862,"date":"2024-12-06T11:16:20","date_gmt":"2024-12-06T10:16:20","guid":{"rendered":"https:\/\/prvimaj.hr\/?p=22862"},"modified":"2024-12-06T11:16:44","modified_gmt":"2024-12-06T10:16:44","slug":"celestina-zulijani","status":"publish","type":"post","link":"https:\/\/prvimaj.hr\/?p=22862","title":{"rendered":"Celestina  Zulijani"},"content":{"rendered":"<p>U dubokoj boli javljamo svoj rodbini, prijateljima i znancima da nas je u petak 06.12.2024. godine u 95. godini \u017eivota napustila na\u0161a voljena<\/p>\n<h2 style=\"text-align: center\"><strong><em>CELESTINA&nbsp; &nbsp; &nbsp;ZULIJANI<\/em><\/strong><\/h2>\n<h3 style=\"text-align: center\"><strong><em>( iz \u017dupani\u0107i )<\/em><\/strong><\/h3>\n<p><!--more--><\/p>\n<p>Posljednji ispra\u0107aj na\u0161e voljene pokojnice biti \u0107e u subotu 07.12.2024. godine u 12,00 sati iz Komemorativnog centra u Sv.Martinu &#8211; Martinskom na mjesno groblje.<\/p>\n<p><strong><em>O\u017ealo\u0161\u0107eni:&nbsp;<\/em><\/strong>sinovi EDI i BRANKO, nevjeste DANICA, PINA i LU\u010cANA, unuci EMILI sa RAFAELOM, NEVEN i MATEO sa IVANOM, ne\u0107aci i ne\u0107akinje, te ostala tuguju\u0107a rodbina.<\/p>\n\n\n<p><\/p>\n","protected":false},"excerpt":{"rendered":"<p>U dubokoj boli javljamo svoj rodbini, prijateljima i znancima da nas je u petak 06.12.2024. godine u 95. godini \u017eivota napustila na\u0161a voljena CELESTINA&nbsp; &nbsp; &nbsp;ZULIJANI ( iz \u017dupani\u0107i )<\/p>\n","protected":false},"author":3,"featured_media":22861,"comment_status":"closed","ping_status":"closed","sticky":false,"template":"","format":"standard","meta":[],"categories":[3],"tags":[],"_links":{"self":[{"href":"https:\/\/prvimaj.hr\/index.php?rest_route=\/wp\/v2\/posts\/22862"}],"collection":[{"href":"https:\/\/prvimaj.hr\/index.php?rest_route=\/wp\/v2\/posts"}],"about":[{"href":"https:\/\/prvimaj.hr\/index.php?rest_route=\/wp\/v2\/types\/post"}],"author":[{"embeddable":true,"href":"https:\/\/prvimaj.hr\/index.php?rest_route=\/wp\/v2\/users\/3"}],"replies":[{"embeddable":true,"href":"https:\/\/prvimaj.hr\/index.php?rest_route=%2Fwp%2Fv2%2Fcomments&post=22862"}],"version-history":[{"count":2,"href":"https:\/\/prvimaj.hr\/index.php?rest_route=\/wp\/v2\/posts\/22862\/revisions"}],"predecessor-version":[{"id":22864,"href":"https:\/\/prvimaj.hr\/index.php?rest_route=\/wp\/v2\/posts\/22862\/revisions\/22864"}],"wp:featuredmedia":[{"embeddable":true,"href":"https:\/\/prvimaj.hr\/index.php?rest_route=\/wp\/v2\/media\/22861"}],"wp:attachment":[{"href":"https:\/\/prvimaj.hr\/index.php?rest_route=%2Fwp%2Fv2%2Fmedia&parent=22862"}],"wp:term":[{"taxonomy":"category","embeddable":true,"href":"https:\/\/prvimaj.hr\/index.php?rest_route=%2Fwp%2Fv2%2Fcategories&post=22862"},{"taxonomy":"post_tag","embeddable":true,"href":"https:\/\/prvimaj.hr\/index.php?rest_route=%2Fwp%2Fv2%2Ftags&post=22862"}],"curies":[{"name":"wp","href":"https:\/\/api.w.org\/{rel}","templated":true}]}}