{"id":22886,"date":"2024-12-14T11:31:20","date_gmt":"2024-12-14T10:31:20","guid":{"rendered":"https:\/\/prvimaj.hr\/?p=22886"},"modified":"2024-12-14T17:42:04","modified_gmt":"2024-12-14T16:42:04","slug":"branko-vasic","status":"publish","type":"post","link":"https:\/\/prvimaj.hr\/?p=22886","title":{"rendered":"Branko  Vasi\u0107"},"content":{"rendered":"<p>U dubokoj boli javljamo svoj rodbini, prijateljima i znancima da nas je u petak 13.12.2024. godine u 76. godini \u017eivota napustio na\u0161 voljeni<\/p>\n<h2 style=\"text-align: center\"><strong><em>BRANKO\u00a0 \u00a0 VASI\u0106<\/em><\/strong><\/h2>\n<h3 style=\"text-align: center\"><strong><em>( iz Presike )<\/em><\/strong><\/h3>\n<p><!--more--><\/p>\n<p>Posljednji ispra\u0107aj na\u0161eg voljenog pokojnika biti \u0107e u utorak 17.12.2024. godine u 14,00 sati iz Komemorativnog centra u Labinu na gradsko groblje.<\/p>\n<p><strong><em>O\u017ealo\u0161\u0107eni:\u00a0<\/em><\/strong>k\u0107erka NATA\u0160A, zet ZORAN, unuke SUZANA sa SEADOM i SANJA sa RATKOM, praunuci STEFAN, SANDRA, JASMIN i UNA, brat i sestre sa familijama, te ostala tuguju\u0107a rodbina.<\/p>\n","protected":false},"excerpt":{"rendered":"<p>U dubokoj boli javljamo svoj rodbini, prijateljima i znancima da nas je u petak 13.12.2024. godine u 76. godini \u017eivota napustio na\u0161 voljeni BRANKO\u00a0 \u00a0 VASI\u0106 ( iz Presike )<\/p>\n","protected":false},"author":3,"featured_media":22885,"comment_status":"closed","ping_status":"closed","sticky":false,"template":"","format":"standard","meta":[],"categories":[3],"tags":[],"_links":{"self":[{"href":"https:\/\/prvimaj.hr\/index.php?rest_route=\/wp\/v2\/posts\/22886"}],"collection":[{"href":"https:\/\/prvimaj.hr\/index.php?rest_route=\/wp\/v2\/posts"}],"about":[{"href":"https:\/\/prvimaj.hr\/index.php?rest_route=\/wp\/v2\/types\/post"}],"author":[{"embeddable":true,"href":"https:\/\/prvimaj.hr\/index.php?rest_route=\/wp\/v2\/users\/3"}],"replies":[{"embeddable":true,"href":"https:\/\/prvimaj.hr\/index.php?rest_route=%2Fwp%2Fv2%2Fcomments&post=22886"}],"version-history":[{"count":2,"href":"https:\/\/prvimaj.hr\/index.php?rest_route=\/wp\/v2\/posts\/22886\/revisions"}],"predecessor-version":[{"id":22889,"href":"https:\/\/prvimaj.hr\/index.php?rest_route=\/wp\/v2\/posts\/22886\/revisions\/22889"}],"wp:featuredmedia":[{"embeddable":true,"href":"https:\/\/prvimaj.hr\/index.php?rest_route=\/wp\/v2\/media\/22885"}],"wp:attachment":[{"href":"https:\/\/prvimaj.hr\/index.php?rest_route=%2Fwp%2Fv2%2Fmedia&parent=22886"}],"wp:term":[{"taxonomy":"category","embeddable":true,"href":"https:\/\/prvimaj.hr\/index.php?rest_route=%2Fwp%2Fv2%2Fcategories&post=22886"},{"taxonomy":"post_tag","embeddable":true,"href":"https:\/\/prvimaj.hr\/index.php?rest_route=%2Fwp%2Fv2%2Ftags&post=22886"}],"curies":[{"name":"wp","href":"https:\/\/api.w.org\/{rel}","templated":true}]}}